{"id":1093,"date":"2016-01-22T19:05:27","date_gmt":"2016-01-22T18:05:27","guid":{"rendered":"http:\/\/mozaikowanie.pl\/?p=1093"},"modified":"2016-01-22T19:09:59","modified_gmt":"2016-01-22T18:09:59","slug":"social-sofa-lawki-z-mozaiki","status":"publish","type":"post","link":"https:\/\/mozaikowanie.pl\/index.php\/2016\/01\/22\/social-sofa-lawki-z-mozaiki\/","title":{"rendered":"Social Sofa &#8211; \u0142awki z mozaiki"},"content":{"rendered":"<p>Social Sofa to projekt z Holandii, zainicjowany w 2006 roku przez Karin Breurs &#8211; artystk\u0119 z Tilburga. Wymy\u015bli\u0142a ona mozaikowe \u0142awki, aby lokalne spo\u0142eczno\u015bci mog\u0142y lepiej si\u0119 poznawa\u0107 &#8211; najpierw pracuj\u0105c nad tworzeniem \u0142awek, a potem siedz\u0105c na nich i rozmawiaj\u0105c.<\/p>\n<p><a href=\"https:\/\/i0.wp.com\/mozaikowanie.pl\/wp-content\/uploads\/2016\/01\/mozaikal3.jpg\" rel=\"attachment wp-att-1317\"><img data-recalc-dims=\"1\" loading=\"lazy\" decoding=\"async\" data-attachment-id=\"1317\" data-permalink=\"https:\/\/mozaikowanie.pl\/index.php\/2016\/01\/22\/social-sofa-lawki-z-mozaiki\/mozaikal3\/\" data-orig-file=\"https:\/\/i0.wp.com\/mozaikowanie.pl\/wp-content\/uploads\/2016\/01\/mozaikal3.jpg?fit=788%2C583&amp;ssl=1\" data-orig-size=\"788,583\" data-comments-opened=\"1\" data-image-meta=\"{&quot;aperture&quot;:&quot;0&quot;,&quot;credit&quot;:&quot;&quot;,&quot;camera&quot;:&quot;&quot;,&quot;caption&quot;:&quot;&quot;,&quot;created_timestamp&quot;:&quot;0&quot;,&quot;copyright&quot;:&quot;&quot;,&quot;focal_length&quot;:&quot;0&quot;,&quot;iso&quot;:&quot;0&quot;,&quot;shutter_speed&quot;:&quot;0&quot;,&quot;title&quot;:&quot;&quot;,&quot;orientation&quot;:&quot;0&quot;}\" data-image-title=\"mozaikal3\" data-image-description=\"\" data-image-caption=\"\" data-medium-file=\"https:\/\/i0.wp.com\/mozaikowanie.pl\/wp-content\/uploads\/2016\/01\/mozaikal3.jpg?fit=300%2C222&amp;ssl=1\" data-large-file=\"https:\/\/i0.wp.com\/mozaikowanie.pl\/wp-content\/uploads\/2016\/01\/mozaikal3.jpg?fit=474%2C351&amp;ssl=1\" class=\"alignnone wp-image-1317\" src=\"https:\/\/i0.wp.com\/mozaikowanie.pl\/wp-content\/uploads\/2016\/01\/mozaikal3-300x222.jpg?resize=474%2C351\" alt=\"mozaikal3\" width=\"474\" height=\"351\" srcset=\"https:\/\/i0.wp.com\/mozaikowanie.pl\/wp-content\/uploads\/2016\/01\/mozaikal3.jpg?resize=300%2C222&amp;ssl=1 300w, https:\/\/i0.wp.com\/mozaikowanie.pl\/wp-content\/uploads\/2016\/01\/mozaikal3.jpg?resize=768%2C568&amp;ssl=1 768w, https:\/\/i0.wp.com\/mozaikowanie.pl\/wp-content\/uploads\/2016\/01\/mozaikal3.jpg?w=788&amp;ssl=1 788w\" sizes=\"auto, (max-width: 474px) 100vw, 474px\" \/><\/a><\/p>\n<p><!--more--><\/p>\n<p>Pierwsze \u0142awki odkry\u0142am w Rawennie, podczas ubieg\u0142orocznego festiwalu mozaiki. By\u0142o ich w sumie 8 i by\u0142y &#8222;rozrzucone&#8221; w r\u00f3\u017cnych punktach miasta &#8211; w muzeach oraz nad kana\u0142em, kt\u00f3ry \u0142\u0105czy Rawenn\u0119 z morzem.<\/p>\n<figure id=\"attachment_1316\" aria-describedby=\"caption-attachment-1316\" style=\"width: 427px\" class=\"wp-caption alignnone\"><a href=\"https:\/\/i0.wp.com\/mozaikowanie.pl\/wp-content\/uploads\/2016\/01\/mozaikal.jpg\" rel=\"attachment wp-att-1316\"><img data-recalc-dims=\"1\" loading=\"lazy\" decoding=\"async\" data-attachment-id=\"1316\" data-permalink=\"https:\/\/mozaikowanie.pl\/index.php\/2016\/01\/22\/social-sofa-lawki-z-mozaiki\/mozaikal\/\" data-orig-file=\"https:\/\/i0.wp.com\/mozaikowanie.pl\/wp-content\/uploads\/2016\/01\/mozaikal.jpg?fit=788%2C583&amp;ssl=1\" data-orig-size=\"788,583\" data-comments-opened=\"1\" data-image-meta=\"{&quot;aperture&quot;:&quot;0&quot;,&quot;credit&quot;:&quot;&quot;,&quot;camera&quot;:&quot;&quot;,&quot;caption&quot;:&quot;&quot;,&quot;created_timestamp&quot;:&quot;0&quot;,&quot;copyright&quot;:&quot;&quot;,&quot;focal_length&quot;:&quot;0&quot;,&quot;iso&quot;:&quot;0&quot;,&quot;shutter_speed&quot;:&quot;0&quot;,&quot;title&quot;:&quot;&quot;,&quot;orientation&quot;:&quot;0&quot;}\" data-image-title=\"mozaikal!\" data-image-description=\"\" data-image-caption=\"\" data-medium-file=\"https:\/\/i0.wp.com\/mozaikowanie.pl\/wp-content\/uploads\/2016\/01\/mozaikal.jpg?fit=300%2C222&amp;ssl=1\" data-large-file=\"https:\/\/i0.wp.com\/mozaikowanie.pl\/wp-content\/uploads\/2016\/01\/mozaikal.jpg?fit=474%2C351&amp;ssl=1\" class=\"wp-image-1316\" src=\"https:\/\/i0.wp.com\/mozaikowanie.pl\/wp-content\/uploads\/2016\/01\/mozaikal-300x222.jpg?resize=427%2C316\" alt=\"mozaikal!\" width=\"427\" height=\"316\" srcset=\"https:\/\/i0.wp.com\/mozaikowanie.pl\/wp-content\/uploads\/2016\/01\/mozaikal.jpg?resize=300%2C222&amp;ssl=1 300w, https:\/\/i0.wp.com\/mozaikowanie.pl\/wp-content\/uploads\/2016\/01\/mozaikal.jpg?resize=768%2C568&amp;ssl=1 768w, https:\/\/i0.wp.com\/mozaikowanie.pl\/wp-content\/uploads\/2016\/01\/mozaikal.jpg?w=788&amp;ssl=1 788w\" sizes=\"auto, (max-width: 427px) 100vw, 427px\" \/><\/a><figcaption id=\"caption-attachment-1316\" class=\"wp-caption-text\">mozaikowa \u0142awka Social Sofa fot. Leszek G\u00f3ra<\/figcaption><\/figure>\n<p><a href=\"https:\/\/i0.wp.com\/mozaikowanie.pl\/wp-content\/uploads\/2015\/10\/socialsofa7.jpg\" rel=\"attachment wp-att-1100\"><img data-recalc-dims=\"1\" loading=\"lazy\" decoding=\"async\" data-attachment-id=\"1100\" data-permalink=\"https:\/\/mozaikowanie.pl\/index.php\/2016\/01\/22\/social-sofa-lawki-z-mozaiki\/socialsofa7\/\" data-orig-file=\"https:\/\/i0.wp.com\/mozaikowanie.pl\/wp-content\/uploads\/2015\/10\/socialsofa7.jpg?fit=777%2C583&amp;ssl=1\" data-orig-size=\"777,583\" data-comments-opened=\"1\" data-image-meta=\"{&quot;aperture&quot;:&quot;0&quot;,&quot;credit&quot;:&quot;&quot;,&quot;camera&quot;:&quot;&quot;,&quot;caption&quot;:&quot;&quot;,&quot;created_timestamp&quot;:&quot;0&quot;,&quot;copyright&quot;:&quot;&quot;,&quot;focal_length&quot;:&quot;0&quot;,&quot;iso&quot;:&quot;0&quot;,&quot;shutter_speed&quot;:&quot;0&quot;,&quot;title&quot;:&quot;&quot;,&quot;orientation&quot;:&quot;0&quot;}\" data-image-title=\"socialsofa7\" data-image-description=\"\" data-image-caption=\"\" data-medium-file=\"https:\/\/i0.wp.com\/mozaikowanie.pl\/wp-content\/uploads\/2015\/10\/socialsofa7.jpg?fit=300%2C225&amp;ssl=1\" data-large-file=\"https:\/\/i0.wp.com\/mozaikowanie.pl\/wp-content\/uploads\/2015\/10\/socialsofa7.jpg?fit=474%2C356&amp;ssl=1\" class=\"alignnone wp-image-1100\" src=\"https:\/\/i0.wp.com\/mozaikowanie.pl\/wp-content\/uploads\/2015\/10\/socialsofa7-300x225.jpg?resize=428%2C321\" alt=\"socialsofa7\" width=\"428\" height=\"321\" srcset=\"https:\/\/i0.wp.com\/mozaikowanie.pl\/wp-content\/uploads\/2015\/10\/socialsofa7.jpg?resize=300%2C225&amp;ssl=1 300w, https:\/\/i0.wp.com\/mozaikowanie.pl\/wp-content\/uploads\/2015\/10\/socialsofa7.jpg?w=777&amp;ssl=1 777w\" sizes=\"auto, (max-width: 428px) 100vw, 428px\" \/><\/a><\/p>\n<p>Karin Breurs\u00a0wraz z ekip\u0105 wsp\u00f3\u0142pracownik\u00f3w pomaga tworzy\u0107 betonowe \u0142awki, a potem je dekorowa\u0107. Ka\u017cdy mo\u017ce \u0142awk\u0119 sobie zaprojektowa\u0107 sam, albo zleci\u0107 rozrysowanie projektu grupie Social Sofa, a potem z ich warsztat\u00f3w przybywaj\u0105 wszelkie materia\u0142y potrzebne do wsp\u00f3lnego stworzenia \u0142awki. Cz\u0142onkowie grupy robi\u0105 te\u017c w miejscu instalacji kr\u00f3tkie szkolenie, w trakcie kt\u00f3rego ucz\u0105, jak wykona\u0107 mozaik\u0119.<\/p>\n<p><a href=\"https:\/\/i0.wp.com\/mozaikowanie.pl\/wp-content\/uploads\/2016\/01\/mozaikaL2.jpg\" rel=\"attachment wp-att-1318\"><img data-recalc-dims=\"1\" loading=\"lazy\" decoding=\"async\" data-attachment-id=\"1318\" data-permalink=\"https:\/\/mozaikowanie.pl\/index.php\/2016\/01\/22\/social-sofa-lawki-z-mozaiki\/mozaikal2\/\" data-orig-file=\"https:\/\/i0.wp.com\/mozaikowanie.pl\/wp-content\/uploads\/2016\/01\/mozaikaL2.jpg?fit=788%2C583&amp;ssl=1\" data-orig-size=\"788,583\" data-comments-opened=\"1\" data-image-meta=\"{&quot;aperture&quot;:&quot;0&quot;,&quot;credit&quot;:&quot;&quot;,&quot;camera&quot;:&quot;&quot;,&quot;caption&quot;:&quot;&quot;,&quot;created_timestamp&quot;:&quot;0&quot;,&quot;copyright&quot;:&quot;&quot;,&quot;focal_length&quot;:&quot;0&quot;,&quot;iso&quot;:&quot;0&quot;,&quot;shutter_speed&quot;:&quot;0&quot;,&quot;title&quot;:&quot;&quot;,&quot;orientation&quot;:&quot;0&quot;}\" data-image-title=\"mozaikaL2\" data-image-description=\"\" data-image-caption=\"\" data-medium-file=\"https:\/\/i0.wp.com\/mozaikowanie.pl\/wp-content\/uploads\/2016\/01\/mozaikaL2.jpg?fit=300%2C222&amp;ssl=1\" data-large-file=\"https:\/\/i0.wp.com\/mozaikowanie.pl\/wp-content\/uploads\/2016\/01\/mozaikaL2.jpg?fit=474%2C351&amp;ssl=1\" class=\"alignnone wp-image-1318\" src=\"https:\/\/i0.wp.com\/mozaikowanie.pl\/wp-content\/uploads\/2016\/01\/mozaikaL2-300x222.jpg?resize=428%2C317\" alt=\"mozaikaL2\" width=\"428\" height=\"317\" srcset=\"https:\/\/i0.wp.com\/mozaikowanie.pl\/wp-content\/uploads\/2016\/01\/mozaikaL2.jpg?resize=300%2C222&amp;ssl=1 300w, https:\/\/i0.wp.com\/mozaikowanie.pl\/wp-content\/uploads\/2016\/01\/mozaikaL2.jpg?resize=768%2C568&amp;ssl=1 768w, https:\/\/i0.wp.com\/mozaikowanie.pl\/wp-content\/uploads\/2016\/01\/mozaikaL2.jpg?w=788&amp;ssl=1 788w\" sizes=\"auto, (max-width: 428px) 100vw, 428px\" \/><\/a><\/p>\n<p>Czasem \u0142awki zakupuj\u0105 gospodarze miast, czasem firmy, a czasem sami cz\u0142onkowie lokalnych spo\u0142eczno\u015bci. Najwa\u017cniejsza jest idea &#8211; stworzy\u0107 razem co\u015b, co przyczyni si\u0119 do stworzenia wi\u0119zi mi\u0119dzyludzkich. Faktycznie, robienie w pojedynk\u0119 takiej mozaiki chwil\u0119 by zaj\u0119\u0142o.<\/p>\n<p>W\u00a0Rawennie w\u00a0Palazzo Rasponi dalle Teste byly dwie \u0142awki zaprojektowane przez Social Sofa.<\/p>\n<p>Najpi\u0119kniejsza (moim zdaniem) \u0142awka \u00a0by\u0142a inspirowana cytatem z &#8222;Redemption song&#8221; Boba Marleya \u00a0&#8211;\u00a0&#8222;None but ourselves can free our mind&#8221; &#8211; &#8222;tylko my mo\u017cemy uwolni\u0107 sw\u00f3j umys\u0142&#8221;.<\/p>\n<p><a href=\"https:\/\/i0.wp.com\/mozaikowanie.pl\/wp-content\/uploads\/2015\/10\/socialsofa1.jpg\" rel=\"attachment wp-att-1089\"><img data-recalc-dims=\"1\" loading=\"lazy\" decoding=\"async\" data-attachment-id=\"1089\" data-permalink=\"https:\/\/mozaikowanie.pl\/index.php\/2015\/11\/16\/tworzenie-mozaiki-metoda-rawenska\/socialsofa1\/\" data-orig-file=\"https:\/\/i0.wp.com\/mozaikowanie.pl\/wp-content\/uploads\/2015\/10\/socialsofa1.jpg?fit=777%2C583&amp;ssl=1\" data-orig-size=\"777,583\" data-comments-opened=\"1\" data-image-meta=\"{&quot;aperture&quot;:&quot;0&quot;,&quot;credit&quot;:&quot;&quot;,&quot;camera&quot;:&quot;&quot;,&quot;caption&quot;:&quot;&quot;,&quot;created_timestamp&quot;:&quot;0&quot;,&quot;copyright&quot;:&quot;&quot;,&quot;focal_length&quot;:&quot;0&quot;,&quot;iso&quot;:&quot;0&quot;,&quot;shutter_speed&quot;:&quot;0&quot;,&quot;title&quot;:&quot;&quot;,&quot;orientation&quot;:&quot;0&quot;}\" data-image-title=\"socialsofa1\" data-image-description=\"\" data-image-caption=\"\" data-medium-file=\"https:\/\/i0.wp.com\/mozaikowanie.pl\/wp-content\/uploads\/2015\/10\/socialsofa1.jpg?fit=300%2C225&amp;ssl=1\" data-large-file=\"https:\/\/i0.wp.com\/mozaikowanie.pl\/wp-content\/uploads\/2015\/10\/socialsofa1.jpg?fit=474%2C356&amp;ssl=1\" class=\"alignnone wp-image-1089\" src=\"https:\/\/i0.wp.com\/mozaikowanie.pl\/wp-content\/uploads\/2015\/10\/socialsofa1-300x225.jpg?resize=459%2C344\" alt=\"socialsofa1\" width=\"459\" height=\"344\" srcset=\"https:\/\/i0.wp.com\/mozaikowanie.pl\/wp-content\/uploads\/2015\/10\/socialsofa1.jpg?resize=300%2C225&amp;ssl=1 300w, https:\/\/i0.wp.com\/mozaikowanie.pl\/wp-content\/uploads\/2015\/10\/socialsofa1.jpg?w=777&amp;ssl=1 777w\" sizes=\"auto, (max-width: 459px) 100vw, 459px\" \/><\/a><\/p>\n<figure id=\"attachment_1321\" aria-describedby=\"caption-attachment-1321\" style=\"width: 461px\" class=\"wp-caption alignnone\"><a href=\"https:\/\/i0.wp.com\/mozaikowanie.pl\/wp-content\/uploads\/2016\/01\/moaza3.jpg\" rel=\"attachment wp-att-1321\"><img data-recalc-dims=\"1\" loading=\"lazy\" decoding=\"async\" data-attachment-id=\"1321\" data-permalink=\"https:\/\/mozaikowanie.pl\/index.php\/2016\/01\/22\/social-sofa-lawki-z-mozaiki\/moaza3\/\" data-orig-file=\"https:\/\/i0.wp.com\/mozaikowanie.pl\/wp-content\/uploads\/2016\/01\/moaza3.jpg?fit=777%2C583&amp;ssl=1\" data-orig-size=\"777,583\" data-comments-opened=\"1\" data-image-meta=\"{&quot;aperture&quot;:&quot;0&quot;,&quot;credit&quot;:&quot;&quot;,&quot;camera&quot;:&quot;&quot;,&quot;caption&quot;:&quot;&quot;,&quot;created_timestamp&quot;:&quot;0&quot;,&quot;copyright&quot;:&quot;&quot;,&quot;focal_length&quot;:&quot;0&quot;,&quot;iso&quot;:&quot;0&quot;,&quot;shutter_speed&quot;:&quot;0&quot;,&quot;title&quot;:&quot;&quot;,&quot;orientation&quot;:&quot;0&quot;}\" data-image-title=\"moaza3\" data-image-description=\"\" data-image-caption=\"\" data-medium-file=\"https:\/\/i0.wp.com\/mozaikowanie.pl\/wp-content\/uploads\/2016\/01\/moaza3.jpg?fit=300%2C225&amp;ssl=1\" data-large-file=\"https:\/\/i0.wp.com\/mozaikowanie.pl\/wp-content\/uploads\/2016\/01\/moaza3.jpg?fit=474%2C356&amp;ssl=1\" class=\"wp-image-1321\" src=\"https:\/\/i0.wp.com\/mozaikowanie.pl\/wp-content\/uploads\/2016\/01\/moaza3-300x225.jpg?resize=461%2C346\" alt=\"moaza3\" width=\"461\" height=\"346\" srcset=\"https:\/\/i0.wp.com\/mozaikowanie.pl\/wp-content\/uploads\/2016\/01\/moaza3.jpg?resize=300%2C225&amp;ssl=1 300w, https:\/\/i0.wp.com\/mozaikowanie.pl\/wp-content\/uploads\/2016\/01\/moaza3.jpg?resize=768%2C576&amp;ssl=1 768w, https:\/\/i0.wp.com\/mozaikowanie.pl\/wp-content\/uploads\/2016\/01\/moaza3.jpg?w=777&amp;ssl=1 777w\" sizes=\"auto, (max-width: 461px) 100vw, 461px\" \/><\/a><figcaption id=\"caption-attachment-1321\" class=\"wp-caption-text\">Social Sofa, \u0142awka z mozaiki, detal<\/figcaption><\/figure>\n<figure id=\"attachment_1322\" aria-describedby=\"caption-attachment-1322\" style=\"width: 459px\" class=\"wp-caption alignnone\"><a href=\"https:\/\/i0.wp.com\/mozaikowanie.pl\/wp-content\/uploads\/2016\/01\/mozaE.jpg\" rel=\"attachment wp-att-1322\"><img data-recalc-dims=\"1\" loading=\"lazy\" decoding=\"async\" data-attachment-id=\"1322\" data-permalink=\"https:\/\/mozaikowanie.pl\/index.php\/2016\/01\/22\/social-sofa-lawki-z-mozaiki\/mozae\/\" data-orig-file=\"https:\/\/i0.wp.com\/mozaikowanie.pl\/wp-content\/uploads\/2016\/01\/mozaE.jpg?fit=777%2C583&amp;ssl=1\" data-orig-size=\"777,583\" data-comments-opened=\"1\" data-image-meta=\"{&quot;aperture&quot;:&quot;0&quot;,&quot;credit&quot;:&quot;&quot;,&quot;camera&quot;:&quot;&quot;,&quot;caption&quot;:&quot;&quot;,&quot;created_timestamp&quot;:&quot;0&quot;,&quot;copyright&quot;:&quot;&quot;,&quot;focal_length&quot;:&quot;0&quot;,&quot;iso&quot;:&quot;0&quot;,&quot;shutter_speed&quot;:&quot;0&quot;,&quot;title&quot;:&quot;&quot;,&quot;orientation&quot;:&quot;0&quot;}\" data-image-title=\"mozaE\" data-image-description=\"\" data-image-caption=\"\" data-medium-file=\"https:\/\/i0.wp.com\/mozaikowanie.pl\/wp-content\/uploads\/2016\/01\/mozaE.jpg?fit=300%2C225&amp;ssl=1\" data-large-file=\"https:\/\/i0.wp.com\/mozaikowanie.pl\/wp-content\/uploads\/2016\/01\/mozaE.jpg?fit=474%2C356&amp;ssl=1\" class=\"wp-image-1322\" src=\"https:\/\/i0.wp.com\/mozaikowanie.pl\/wp-content\/uploads\/2016\/01\/mozaE-300x225.jpg?resize=459%2C344\" alt=\"mozaE\" width=\"459\" height=\"344\" srcset=\"https:\/\/i0.wp.com\/mozaikowanie.pl\/wp-content\/uploads\/2016\/01\/mozaE.jpg?resize=300%2C225&amp;ssl=1 300w, https:\/\/i0.wp.com\/mozaikowanie.pl\/wp-content\/uploads\/2016\/01\/mozaE.jpg?resize=768%2C576&amp;ssl=1 768w, https:\/\/i0.wp.com\/mozaikowanie.pl\/wp-content\/uploads\/2016\/01\/mozaE.jpg?w=777&amp;ssl=1 777w\" sizes=\"auto, (max-width: 459px) 100vw, 459px\" \/><\/a><figcaption id=\"caption-attachment-1322\" class=\"wp-caption-text\">Social Sofa, \u0142awka z mozaiki, detal<\/figcaption><\/figure>\n<p>Druga \u0142awka b\u0142yszcza\u0142a jak prawdziwa gwiazda:<\/p>\n<p><a href=\"https:\/\/i0.wp.com\/mozaikowanie.pl\/wp-content\/uploads\/2015\/10\/socialsofa2.jpg\"><img data-recalc-dims=\"1\" loading=\"lazy\" decoding=\"async\" data-attachment-id=\"1095\" data-permalink=\"https:\/\/mozaikowanie.pl\/index.php\/2016\/01\/22\/social-sofa-lawki-z-mozaiki\/socialsofa2\/\" data-orig-file=\"https:\/\/i0.wp.com\/mozaikowanie.pl\/wp-content\/uploads\/2015\/10\/socialsofa2.jpg?fit=437%2C583&amp;ssl=1\" data-orig-size=\"437,583\" data-comments-opened=\"1\" data-image-meta=\"{&quot;aperture&quot;:&quot;0&quot;,&quot;credit&quot;:&quot;&quot;,&quot;camera&quot;:&quot;&quot;,&quot;caption&quot;:&quot;&quot;,&quot;created_timestamp&quot;:&quot;0&quot;,&quot;copyright&quot;:&quot;&quot;,&quot;focal_length&quot;:&quot;0&quot;,&quot;iso&quot;:&quot;0&quot;,&quot;shutter_speed&quot;:&quot;0&quot;,&quot;title&quot;:&quot;&quot;,&quot;orientation&quot;:&quot;0&quot;}\" data-image-title=\"socialsofa2\" data-image-description=\"\" data-image-caption=\"\" data-medium-file=\"https:\/\/i0.wp.com\/mozaikowanie.pl\/wp-content\/uploads\/2015\/10\/socialsofa2.jpg?fit=225%2C300&amp;ssl=1\" data-large-file=\"https:\/\/i0.wp.com\/mozaikowanie.pl\/wp-content\/uploads\/2015\/10\/socialsofa2.jpg?fit=437%2C583&amp;ssl=1\" class=\"alignnone wp-image-1095\" src=\"https:\/\/i0.wp.com\/mozaikowanie.pl\/wp-content\/uploads\/2015\/10\/socialsofa2-225x300.jpg?resize=458%2C611\" alt=\"socialsofa2\" width=\"458\" height=\"611\" srcset=\"https:\/\/i0.wp.com\/mozaikowanie.pl\/wp-content\/uploads\/2015\/10\/socialsofa2.jpg?resize=225%2C300&amp;ssl=1 225w, https:\/\/i0.wp.com\/mozaikowanie.pl\/wp-content\/uploads\/2015\/10\/socialsofa2.jpg?w=437&amp;ssl=1 437w\" sizes=\"auto, (max-width: 458px) 100vw, 458px\" \/><\/a><\/p>\n<p>Tak\u017ce w Muzeum Sztuki MAR by\u0142y wyeksponowane \u0142awki, obie bardzo radosne:<\/p>\n<p><a href=\"https:\/\/i0.wp.com\/mozaikowanie.pl\/wp-content\/uploads\/2015\/10\/socialsofa5.jpg\" rel=\"attachment wp-att-1097\"><img data-recalc-dims=\"1\" loading=\"lazy\" decoding=\"async\" data-attachment-id=\"1097\" data-permalink=\"https:\/\/mozaikowanie.pl\/index.php\/2016\/01\/22\/social-sofa-lawki-z-mozaiki\/socialsofa5\/\" data-orig-file=\"https:\/\/i0.wp.com\/mozaikowanie.pl\/wp-content\/uploads\/2015\/10\/socialsofa5.jpg?fit=777%2C583&amp;ssl=1\" data-orig-size=\"777,583\" data-comments-opened=\"1\" data-image-meta=\"{&quot;aperture&quot;:&quot;0&quot;,&quot;credit&quot;:&quot;&quot;,&quot;camera&quot;:&quot;&quot;,&quot;caption&quot;:&quot;&quot;,&quot;created_timestamp&quot;:&quot;0&quot;,&quot;copyright&quot;:&quot;&quot;,&quot;focal_length&quot;:&quot;0&quot;,&quot;iso&quot;:&quot;0&quot;,&quot;shutter_speed&quot;:&quot;0&quot;,&quot;title&quot;:&quot;&quot;,&quot;orientation&quot;:&quot;0&quot;}\" data-image-title=\"socialsofa5\" data-image-description=\"\" data-image-caption=\"\" data-medium-file=\"https:\/\/i0.wp.com\/mozaikowanie.pl\/wp-content\/uploads\/2015\/10\/socialsofa5.jpg?fit=300%2C225&amp;ssl=1\" data-large-file=\"https:\/\/i0.wp.com\/mozaikowanie.pl\/wp-content\/uploads\/2015\/10\/socialsofa5.jpg?fit=474%2C356&amp;ssl=1\" class=\"alignnone wp-image-1097\" src=\"https:\/\/i0.wp.com\/mozaikowanie.pl\/wp-content\/uploads\/2015\/10\/socialsofa5-300x225.jpg?resize=456%2C342\" alt=\"socialsofa5\" width=\"456\" height=\"342\" srcset=\"https:\/\/i0.wp.com\/mozaikowanie.pl\/wp-content\/uploads\/2015\/10\/socialsofa5.jpg?resize=300%2C225&amp;ssl=1 300w, https:\/\/i0.wp.com\/mozaikowanie.pl\/wp-content\/uploads\/2015\/10\/socialsofa5.jpg?w=777&amp;ssl=1 777w\" sizes=\"auto, (max-width: 456px) 100vw, 456px\" \/><\/a><\/p>\n<p>Tutaj m\u00f3j drugi sofowy faworyt, obserwuj\u0105c bloga wiecie ju\u017c, \u017ce ptasi motyw przewodni musia\u0142 mnie zachwyci\u0107:<\/p>\n<p><a href=\"https:\/\/i0.wp.com\/mozaikowanie.pl\/wp-content\/uploads\/2015\/10\/socialsofa4.jpg\" rel=\"attachment wp-att-1098\"><img data-recalc-dims=\"1\" loading=\"lazy\" decoding=\"async\" data-attachment-id=\"1098\" data-permalink=\"https:\/\/mozaikowanie.pl\/index.php\/2016\/01\/22\/social-sofa-lawki-z-mozaiki\/socialsofa4\/\" data-orig-file=\"https:\/\/i0.wp.com\/mozaikowanie.pl\/wp-content\/uploads\/2015\/10\/socialsofa4.jpg?fit=777%2C583&amp;ssl=1\" data-orig-size=\"777,583\" data-comments-opened=\"1\" data-image-meta=\"{&quot;aperture&quot;:&quot;0&quot;,&quot;credit&quot;:&quot;&quot;,&quot;camera&quot;:&quot;&quot;,&quot;caption&quot;:&quot;&quot;,&quot;created_timestamp&quot;:&quot;0&quot;,&quot;copyright&quot;:&quot;&quot;,&quot;focal_length&quot;:&quot;0&quot;,&quot;iso&quot;:&quot;0&quot;,&quot;shutter_speed&quot;:&quot;0&quot;,&quot;title&quot;:&quot;&quot;,&quot;orientation&quot;:&quot;0&quot;}\" data-image-title=\"socialsofa4\" data-image-description=\"\" data-image-caption=\"\" data-medium-file=\"https:\/\/i0.wp.com\/mozaikowanie.pl\/wp-content\/uploads\/2015\/10\/socialsofa4.jpg?fit=300%2C225&amp;ssl=1\" data-large-file=\"https:\/\/i0.wp.com\/mozaikowanie.pl\/wp-content\/uploads\/2015\/10\/socialsofa4.jpg?fit=474%2C356&amp;ssl=1\" class=\"alignnone wp-image-1098\" src=\"https:\/\/i0.wp.com\/mozaikowanie.pl\/wp-content\/uploads\/2015\/10\/socialsofa4-300x225.jpg?resize=453%2C340\" alt=\"socialsofa4\" width=\"453\" height=\"340\" srcset=\"https:\/\/i0.wp.com\/mozaikowanie.pl\/wp-content\/uploads\/2015\/10\/socialsofa4.jpg?resize=300%2C225&amp;ssl=1 300w, https:\/\/i0.wp.com\/mozaikowanie.pl\/wp-content\/uploads\/2015\/10\/socialsofa4.jpg?w=777&amp;ssl=1 777w\" sizes=\"auto, (max-width: 453px) 100vw, 453px\" \/><\/a><\/p>\n<p>Do dzisiaj takich \u0142awek stan\u0119\u0142o w r\u00f3\u017cnych miejscach Holandii ponad 1000. \u0141awki s\u0105 te\u017c na pewno w Belgii i Chinach. Mo\u017ce kto\u015b z Was, Drodzy Czytelnicy, widzia\u0142 tak\u0105 i mo\u017ce wrzuci\u0107 zdj\u0119cia\u00a0w komentarzu? A mo\u017ce kto\u015b na takiej \u0142awce regularnie siada?<\/p>\n<p>Je\u015bli interesuje Was wi\u0119cej zdj\u0119\u0107 odwied\u017acie koniecznie stron\u0119\u00a0<a href=\"http:\/\/www.socialsofa.com\">www.socialsofa.com<\/a>.<\/p>\n<p>Jak my\u015blicie, czy polskie miasta nabra\u0142yby nieco urody, \u00a0gdyby powsta\u0142yby w nich takie \u0142awki?<\/p>\n","protected":false},"excerpt":{"rendered":"<p>Social Sofa to projekt z Holandii, zainicjowany w 2006 roku przez Karin Breurs &#8211; artystk\u0119 z Tilburga. Wymy\u015bli\u0142a ona mozaikowe \u0142awki, aby lokalne spo\u0142eczno\u015bci mog\u0142y lepiej si\u0119 poznawa\u0107 &#8211; najpierw pracuj\u0105c nad tworzeniem \u0142awek, a potem siedz\u0105c na nich i rozmawiaj\u0105c.<\/p>\n","protected":false},"author":1,"featured_media":0,"comment_status":"open","ping_status":"open","sticky":false,"template":"","format":"standard","meta":{"jetpack_post_was_ever_published":false,"_jetpack_newsletter_access":"","_jetpack_dont_email_post_to_subs":false,"_jetpack_newsletter_tier_id":0,"_jetpack_memberships_contains_paywalled_content":false,"_jetpack_memberships_contains_paid_content":false,"footnotes":"","jetpack_publicize_message":"","jetpack_publicize_feature_enabled":true,"jetpack_social_post_already_shared":true,"jetpack_social_options":{"image_generator_settings":{"template":"highway","enabled":false},"version":2}},"categories":[2],"tags":[],"class_list":["post-1093","post","type-post","status-publish","format-standard","hentry","category-artysci"],"jetpack_publicize_connections":[],"aioseo_notices":[],"jetpack_featured_media_url":"","jetpack_sharing_enabled":true,"jetpack_shortlink":"https:\/\/wp.me\/p72G1w-hD","jetpack-related-posts":[],"_links":{"self":[{"href":"https:\/\/mozaikowanie.pl\/index.php\/wp-json\/wp\/v2\/posts\/1093","targetHints":{"allow":["GET"]}}],"collection":[{"href":"https:\/\/mozaikowanie.pl\/index.php\/wp-json\/wp\/v2\/posts"}],"about":[{"href":"https:\/\/mozaikowanie.pl\/index.php\/wp-json\/wp\/v2\/types\/post"}],"author":[{"embeddable":true,"href":"https:\/\/mozaikowanie.pl\/index.php\/wp-json\/wp\/v2\/users\/1"}],"replies":[{"embeddable":true,"href":"https:\/\/mozaikowanie.pl\/index.php\/wp-json\/wp\/v2\/comments?post=1093"}],"version-history":[{"count":14,"href":"https:\/\/mozaikowanie.pl\/index.php\/wp-json\/wp\/v2\/posts\/1093\/revisions"}],"predecessor-version":[{"id":1332,"href":"https:\/\/mozaikowanie.pl\/index.php\/wp-json\/wp\/v2\/posts\/1093\/revisions\/1332"}],"wp:attachment":[{"href":"https:\/\/mozaikowanie.pl\/index.php\/wp-json\/wp\/v2\/media?parent=1093"}],"wp:term":[{"taxonomy":"category","embeddable":true,"href":"https:\/\/mozaikowanie.pl\/index.php\/wp-json\/wp\/v2\/categories?post=1093"},{"taxonomy":"post_tag","embeddable":true,"href":"https:\/\/mozaikowanie.pl\/index.php\/wp-json\/wp\/v2\/tags?post=1093"}],"curies":[{"name":"wp","href":"https:\/\/api.w.org\/{rel}","templated":true}]}}