{"id":1617,"date":"2016-06-20T23:58:08","date_gmt":"2016-06-20T21:58:08","guid":{"rendered":"http:\/\/mozaikowanie.pl\/?p=1617"},"modified":"2016-06-21T00:01:45","modified_gmt":"2016-06-20T22:01:45","slug":"trencadis-czyli-wizyta-w-parku-guell","status":"publish","type":"post","link":"https:\/\/mozaikowanie.pl\/index.php\/2016\/06\/20\/trencadis-czyli-wizyta-w-parku-guell\/","title":{"rendered":"Trencad\u00eds, czyli wizyta w Parku G\u00fcell"},"content":{"rendered":"<p>Poniewa\u017c zbli\u017caj\u0105 si\u0119 wakacje, kiedy to Barcelona staje si\u0119 jeszcze popularniejszym celem wycieczek, chc\u0119 Was zach\u0119ci\u0107 do wytropienia<strong><em> trencad\u00eds<\/em><\/strong>, czyli mozaiki z pot\u0142uczonych talerzy i ceramiki, kt\u00f3r\u0105 mo\u017cna znale\u017a\u0107 w stolicy Katalonii. <em>Trencad\u00eds<\/em> w og\u00f3le wyst\u0119puj\u0105 do\u015b\u0107 obficie w katalo\u0144skiej architekturze modernistycznej, a mozaikowym rajem jest oczywi\u015bcie Park G\u00fcell.<\/p>\n<figure id=\"attachment_1619\" aria-describedby=\"caption-attachment-1619\" style=\"width: 441px\" class=\"wp-caption alignnone\"><a href=\"https:\/\/i0.wp.com\/mozaikowanie.pl\/wp-content\/uploads\/2016\/06\/wejscieall.jpg\"><img data-recalc-dims=\"1\" loading=\"lazy\" decoding=\"async\" data-attachment-id=\"1619\" data-permalink=\"https:\/\/mozaikowanie.pl\/index.php\/2016\/06\/20\/trencadis-czyli-wizyta-w-parku-guell\/wejscieall\/\" data-orig-file=\"https:\/\/i0.wp.com\/mozaikowanie.pl\/wp-content\/uploads\/2016\/06\/wejscieall.jpg?fit=791%2C585&amp;ssl=1\" data-orig-size=\"791,585\" data-comments-opened=\"1\" data-image-meta=\"{&quot;aperture&quot;:&quot;0&quot;,&quot;credit&quot;:&quot;&quot;,&quot;camera&quot;:&quot;&quot;,&quot;caption&quot;:&quot;&quot;,&quot;created_timestamp&quot;:&quot;0&quot;,&quot;copyright&quot;:&quot;&quot;,&quot;focal_length&quot;:&quot;0&quot;,&quot;iso&quot;:&quot;0&quot;,&quot;shutter_speed&quot;:&quot;0&quot;,&quot;title&quot;:&quot;&quot;,&quot;orientation&quot;:&quot;0&quot;}\" data-image-title=\"wejscieall\" data-image-description=\"\" data-image-caption=\"\" data-medium-file=\"https:\/\/i0.wp.com\/mozaikowanie.pl\/wp-content\/uploads\/2016\/06\/wejscieall.jpg?fit=300%2C222&amp;ssl=1\" data-large-file=\"https:\/\/i0.wp.com\/mozaikowanie.pl\/wp-content\/uploads\/2016\/06\/wejscieall.jpg?fit=474%2C351&amp;ssl=1\" class=\"wp-image-1619\" src=\"https:\/\/i0.wp.com\/mozaikowanie.pl\/wp-content\/uploads\/2016\/06\/wejscieall-300x222.jpg?resize=441%2C326\" alt=\"wejscieall\" width=\"441\" height=\"326\" srcset=\"https:\/\/i0.wp.com\/mozaikowanie.pl\/wp-content\/uploads\/2016\/06\/wejscieall.jpg?resize=300%2C222&amp;ssl=1 300w, https:\/\/i0.wp.com\/mozaikowanie.pl\/wp-content\/uploads\/2016\/06\/wejscieall.jpg?resize=768%2C568&amp;ssl=1 768w, https:\/\/i0.wp.com\/mozaikowanie.pl\/wp-content\/uploads\/2016\/06\/wejscieall.jpg?w=791&amp;ssl=1 791w\" sizes=\"auto, (max-width: 441px) 100vw, 441px\" \/><\/a><figcaption id=\"caption-attachment-1619\" class=\"wp-caption-text\">Kolorowy t\u0142um przed Parkiem G\u00fcell, fot. Leszek G\u00f3ra<\/figcaption><\/figure>\n<p><!--more-->Antonio Gaudi, genialny katalo\u0144ski architekt, zbudowa\u0142 Park G\u00fcell dla Eusebi&#8217;ego G\u00fcell\u2019a, przemys\u0142owca i patrona sztuk, kt\u00f3ry wykupi\u0142 na Muntanya Pelada, czyli barcelo\u0144skiej \u0141ysej G\u00f3rze kawa\u0142 ziemi, \u017ceby stworzyc tam utopijne miasteczko. Gaudi inspirowa\u0142 si\u0119 angielskimi koncepcjami ogrod\u00f3w, w kt\u00f3rych w samotno\u015bci w ma\u0142ych domkach mieszkaj\u0105 uczeni, tworz\u0105cy jednak\u017ce komun\u0119, kt\u00f3ra pozwala im nawi\u0105zywa\u0107 stosunki mi\u0119dzyludzkie, gdy tylko najdzie ich ochota. Architekt zaprojektowa\u0142 przestrze\u0144, gdzie mia\u0142o powsta\u0107 40 dom\u00f3w dla rodzin z dzie\u0107mi. Ostatecznie powsta\u0142y dwa budynki wej\u015bciowe i trzy domy \u2013 dla inwestora, jego prawnika i dla samego Gaudiego.<\/p>\n<figure id=\"attachment_1620\" aria-describedby=\"caption-attachment-1620\" style=\"width: 326px\" class=\"wp-caption alignnone\"><a href=\"https:\/\/i0.wp.com\/mozaikowanie.pl\/wp-content\/uploads\/2016\/06\/wejscieprawa.jpg\"><img data-recalc-dims=\"1\" loading=\"lazy\" decoding=\"async\" data-attachment-id=\"1620\" data-permalink=\"https:\/\/mozaikowanie.pl\/index.php\/2016\/06\/20\/trencadis-czyli-wizyta-w-parku-guell\/wejscieprawa\/\" data-orig-file=\"https:\/\/i0.wp.com\/mozaikowanie.pl\/wp-content\/uploads\/2016\/06\/wejscieprawa.jpg?fit=439%2C585&amp;ssl=1\" data-orig-size=\"439,585\" data-comments-opened=\"1\" data-image-meta=\"{&quot;aperture&quot;:&quot;0&quot;,&quot;credit&quot;:&quot;&quot;,&quot;camera&quot;:&quot;&quot;,&quot;caption&quot;:&quot;&quot;,&quot;created_timestamp&quot;:&quot;0&quot;,&quot;copyright&quot;:&quot;&quot;,&quot;focal_length&quot;:&quot;0&quot;,&quot;iso&quot;:&quot;0&quot;,&quot;shutter_speed&quot;:&quot;0&quot;,&quot;title&quot;:&quot;&quot;,&quot;orientation&quot;:&quot;0&quot;}\" data-image-title=\"wejscieprawa\" data-image-description=\"\" data-image-caption=\"\" data-medium-file=\"https:\/\/i0.wp.com\/mozaikowanie.pl\/wp-content\/uploads\/2016\/06\/wejscieprawa.jpg?fit=225%2C300&amp;ssl=1\" data-large-file=\"https:\/\/i0.wp.com\/mozaikowanie.pl\/wp-content\/uploads\/2016\/06\/wejscieprawa.jpg?fit=439%2C585&amp;ssl=1\" class=\"wp-image-1620\" src=\"https:\/\/i0.wp.com\/mozaikowanie.pl\/wp-content\/uploads\/2016\/06\/wejscieprawa-225x300.jpg?resize=326%2C435\" width=\"326\" height=\"435\" srcset=\"https:\/\/i0.wp.com\/mozaikowanie.pl\/wp-content\/uploads\/2016\/06\/wejscieprawa.jpg?resize=225%2C300&amp;ssl=1 225w, https:\/\/i0.wp.com\/mozaikowanie.pl\/wp-content\/uploads\/2016\/06\/wejscieprawa.jpg?w=439&amp;ssl=1 439w\" sizes=\"auto, (max-width: 326px) 100vw, 326px\" \/><\/a><figcaption id=\"caption-attachment-1620\" class=\"wp-caption-text\">budynek wej\u015bciowy do Parku G\u00fcell, fot. Leszek G\u00f3ra<\/figcaption><\/figure>\n<p>Mozaiki znajdziecie na murach parku&#8230;<\/p>\n<figure id=\"attachment_1621\" aria-describedby=\"caption-attachment-1621\" style=\"width: 416px\" class=\"wp-caption alignnone\"><a href=\"https:\/\/i0.wp.com\/mozaikowanie.pl\/wp-content\/uploads\/2016\/06\/guell2.jpg\"><img data-recalc-dims=\"1\" loading=\"lazy\" decoding=\"async\" data-attachment-id=\"1621\" data-permalink=\"https:\/\/mozaikowanie.pl\/index.php\/2016\/06\/20\/trencadis-czyli-wizyta-w-parku-guell\/guell2\/\" data-orig-file=\"https:\/\/i0.wp.com\/mozaikowanie.pl\/wp-content\/uploads\/2016\/06\/guell2.jpg?fit=659%2C495&amp;ssl=1\" data-orig-size=\"659,495\" data-comments-opened=\"1\" data-image-meta=\"{&quot;aperture&quot;:&quot;0&quot;,&quot;credit&quot;:&quot;&quot;,&quot;camera&quot;:&quot;&quot;,&quot;caption&quot;:&quot;&quot;,&quot;created_timestamp&quot;:&quot;0&quot;,&quot;copyright&quot;:&quot;&quot;,&quot;focal_length&quot;:&quot;0&quot;,&quot;iso&quot;:&quot;0&quot;,&quot;shutter_speed&quot;:&quot;0&quot;,&quot;title&quot;:&quot;&quot;,&quot;orientation&quot;:&quot;0&quot;}\" data-image-title=\"guell2\" data-image-description=\"\" data-image-caption=\"\" data-medium-file=\"https:\/\/i0.wp.com\/mozaikowanie.pl\/wp-content\/uploads\/2016\/06\/guell2.jpg?fit=300%2C225&amp;ssl=1\" data-large-file=\"https:\/\/i0.wp.com\/mozaikowanie.pl\/wp-content\/uploads\/2016\/06\/guell2.jpg?fit=474%2C356&amp;ssl=1\" class=\"wp-image-1621\" src=\"https:\/\/i0.wp.com\/mozaikowanie.pl\/wp-content\/uploads\/2016\/06\/guell2-300x225.jpg?resize=416%2C312\" alt=\"guell2\" width=\"416\" height=\"312\" srcset=\"https:\/\/i0.wp.com\/mozaikowanie.pl\/wp-content\/uploads\/2016\/06\/guell2.jpg?resize=300%2C225&amp;ssl=1 300w, https:\/\/i0.wp.com\/mozaikowanie.pl\/wp-content\/uploads\/2016\/06\/guell2.jpg?w=659&amp;ssl=1 659w\" sizes=\"auto, (max-width: 416px) 100vw, 416px\" \/><\/a><figcaption id=\"caption-attachment-1621\" class=\"wp-caption-text\">mozaika Park G\u00fcell, detal, fot. Leszek G\u00f3ra<\/figcaption><\/figure>\n<p>na budynkach wej\u015bciowych, jak w dekoracji wie\u017cy po lewej stronie:<\/p>\n<p><a href=\"https:\/\/i0.wp.com\/mozaikowanie.pl\/wp-content\/uploads\/2016\/06\/wieza.jpg\"><img data-recalc-dims=\"1\" loading=\"lazy\" decoding=\"async\" data-attachment-id=\"1622\" data-permalink=\"https:\/\/mozaikowanie.pl\/index.php\/2016\/06\/20\/trencadis-czyli-wizyta-w-parku-guell\/wieza\/\" data-orig-file=\"https:\/\/i0.wp.com\/mozaikowanie.pl\/wp-content\/uploads\/2016\/06\/wieza.jpg?fit=776%2C585&amp;ssl=1\" data-orig-size=\"776,585\" data-comments-opened=\"1\" data-image-meta=\"{&quot;aperture&quot;:&quot;0&quot;,&quot;credit&quot;:&quot;&quot;,&quot;camera&quot;:&quot;&quot;,&quot;caption&quot;:&quot;&quot;,&quot;created_timestamp&quot;:&quot;0&quot;,&quot;copyright&quot;:&quot;&quot;,&quot;focal_length&quot;:&quot;0&quot;,&quot;iso&quot;:&quot;0&quot;,&quot;shutter_speed&quot;:&quot;0&quot;,&quot;title&quot;:&quot;&quot;,&quot;orientation&quot;:&quot;0&quot;}\" data-image-title=\"wieza\" data-image-description=\"\" data-image-caption=\"\" data-medium-file=\"https:\/\/i0.wp.com\/mozaikowanie.pl\/wp-content\/uploads\/2016\/06\/wieza.jpg?fit=300%2C226&amp;ssl=1\" data-large-file=\"https:\/\/i0.wp.com\/mozaikowanie.pl\/wp-content\/uploads\/2016\/06\/wieza.jpg?fit=474%2C357&amp;ssl=1\" class=\"alignnone wp-image-1622\" src=\"https:\/\/i0.wp.com\/mozaikowanie.pl\/wp-content\/uploads\/2016\/06\/wieza-300x226.jpg?resize=423%2C319\" alt=\"wieza\" width=\"423\" height=\"319\" srcset=\"https:\/\/i0.wp.com\/mozaikowanie.pl\/wp-content\/uploads\/2016\/06\/wieza.jpg?resize=300%2C226&amp;ssl=1 300w, https:\/\/i0.wp.com\/mozaikowanie.pl\/wp-content\/uploads\/2016\/06\/wieza.jpg?resize=768%2C579&amp;ssl=1 768w, https:\/\/i0.wp.com\/mozaikowanie.pl\/wp-content\/uploads\/2016\/06\/wieza.jpg?w=776&amp;ssl=1 776w\" sizes=\"auto, (max-width: 423px) 100vw, 423px\" \/><\/a><\/p>\n<p>i w samym parku, przede wszystkim na tarasie, kt\u00f3ry oplata \u0142awka w kszta\u0142cie w\u0119\u017ca morskiego, kt\u00f3ra ca\u0142a jest jedn\u0105 d\u0142ug\u0105 mozaik\u0105:<\/p>\n<figure id=\"attachment_1623\" aria-describedby=\"caption-attachment-1623\" style=\"width: 424px\" class=\"wp-caption alignnone\"><a href=\"https:\/\/i0.wp.com\/mozaikowanie.pl\/wp-content\/uploads\/2016\/06\/placGruel.jpg\"><img data-recalc-dims=\"1\" loading=\"lazy\" decoding=\"async\" data-attachment-id=\"1623\" data-permalink=\"https:\/\/mozaikowanie.pl\/index.php\/2016\/06\/20\/trencadis-czyli-wizyta-w-parku-guell\/placgruel\/\" data-orig-file=\"https:\/\/i0.wp.com\/mozaikowanie.pl\/wp-content\/uploads\/2016\/06\/placGruel.jpg?fit=791%2C585&amp;ssl=1\" data-orig-size=\"791,585\" data-comments-opened=\"1\" data-image-meta=\"{&quot;aperture&quot;:&quot;0&quot;,&quot;credit&quot;:&quot;&quot;,&quot;camera&quot;:&quot;&quot;,&quot;caption&quot;:&quot;&quot;,&quot;created_timestamp&quot;:&quot;0&quot;,&quot;copyright&quot;:&quot;&quot;,&quot;focal_length&quot;:&quot;0&quot;,&quot;iso&quot;:&quot;0&quot;,&quot;shutter_speed&quot;:&quot;0&quot;,&quot;title&quot;:&quot;&quot;,&quot;orientation&quot;:&quot;0&quot;}\" data-image-title=\"placGruel\" data-image-description=\"\" data-image-caption=\"\" data-medium-file=\"https:\/\/i0.wp.com\/mozaikowanie.pl\/wp-content\/uploads\/2016\/06\/placGruel.jpg?fit=300%2C222&amp;ssl=1\" data-large-file=\"https:\/\/i0.wp.com\/mozaikowanie.pl\/wp-content\/uploads\/2016\/06\/placGruel.jpg?fit=474%2C351&amp;ssl=1\" class=\"wp-image-1623\" src=\"https:\/\/i0.wp.com\/mozaikowanie.pl\/wp-content\/uploads\/2016\/06\/placGruel-300x222.jpg?resize=424%2C314\" alt=\"placGruel\" width=\"424\" height=\"314\" srcset=\"https:\/\/i0.wp.com\/mozaikowanie.pl\/wp-content\/uploads\/2016\/06\/placGruel.jpg?resize=300%2C222&amp;ssl=1 300w, https:\/\/i0.wp.com\/mozaikowanie.pl\/wp-content\/uploads\/2016\/06\/placGruel.jpg?resize=768%2C568&amp;ssl=1 768w, https:\/\/i0.wp.com\/mozaikowanie.pl\/wp-content\/uploads\/2016\/06\/placGruel.jpg?w=791&amp;ssl=1 791w\" sizes=\"auto, (max-width: 424px) 100vw, 424px\" \/><\/a><figcaption id=\"caption-attachment-1623\" class=\"wp-caption-text\">taras w Parc G\u00fcell, fot. Leszek G\u00f3ra<\/figcaption><\/figure>\n<p>Dekoracj\u0105 \u0142awki zaj\u0105\u0142 si\u0119 ucze\u0144 Gaudiego, Josep M. Jujol, kt\u00f3ry zdobywa\u0142 ceramik\u0119 w jednej z najbardziej znanych katalo\u0144skich fabryk ceramiki\u00a0Pujol i Bausis\u00a0oraz &#8230; na w\u0142asnym stole:<\/p>\n<figure id=\"attachment_1625\" aria-describedby=\"caption-attachment-1625\" style=\"width: 378px\" class=\"wp-caption alignnone\"><a href=\"https:\/\/i0.wp.com\/mozaikowanie.pl\/wp-content\/uploads\/2016\/06\/lawka_detaledit.jpg\"><img data-recalc-dims=\"1\" loading=\"lazy\" decoding=\"async\" data-attachment-id=\"1625\" data-permalink=\"https:\/\/mozaikowanie.pl\/index.php\/2016\/06\/20\/trencadis-czyli-wizyta-w-parku-guell\/lawka_detaledit\/\" data-orig-file=\"https:\/\/i0.wp.com\/mozaikowanie.pl\/wp-content\/uploads\/2016\/06\/lawka_detaledit.jpg?fit=453%2C453&amp;ssl=1\" data-orig-size=\"453,453\" data-comments-opened=\"1\" data-image-meta=\"{&quot;aperture&quot;:&quot;0&quot;,&quot;credit&quot;:&quot;&quot;,&quot;camera&quot;:&quot;&quot;,&quot;caption&quot;:&quot;&quot;,&quot;created_timestamp&quot;:&quot;0&quot;,&quot;copyright&quot;:&quot;&quot;,&quot;focal_length&quot;:&quot;0&quot;,&quot;iso&quot;:&quot;0&quot;,&quot;shutter_speed&quot;:&quot;0&quot;,&quot;title&quot;:&quot;&quot;,&quot;orientation&quot;:&quot;0&quot;}\" data-image-title=\"lawka_detaledit\" data-image-description=\"\" data-image-caption=\"\" data-medium-file=\"https:\/\/i0.wp.com\/mozaikowanie.pl\/wp-content\/uploads\/2016\/06\/lawka_detaledit.jpg?fit=300%2C300&amp;ssl=1\" data-large-file=\"https:\/\/i0.wp.com\/mozaikowanie.pl\/wp-content\/uploads\/2016\/06\/lawka_detaledit.jpg?fit=453%2C453&amp;ssl=1\" class=\"wp-image-1625\" src=\"https:\/\/i0.wp.com\/mozaikowanie.pl\/wp-content\/uploads\/2016\/06\/lawka_detaledit-300x300.jpg?resize=378%2C378\" alt=\"lawka_detaledit\" width=\"378\" height=\"378\" srcset=\"https:\/\/i0.wp.com\/mozaikowanie.pl\/wp-content\/uploads\/2016\/06\/lawka_detaledit.jpg?resize=300%2C300&amp;ssl=1 300w, https:\/\/i0.wp.com\/mozaikowanie.pl\/wp-content\/uploads\/2016\/06\/lawka_detaledit.jpg?resize=150%2C150&amp;ssl=1 150w, https:\/\/i0.wp.com\/mozaikowanie.pl\/wp-content\/uploads\/2016\/06\/lawka_detaledit.jpg?w=453&amp;ssl=1 453w\" sizes=\"auto, (max-width: 378px) 100vw, 378px\" \/><\/a><figcaption id=\"caption-attachment-1625\" class=\"wp-caption-text\">\u0142awka w Parc Guell, detal mozaiki fot. Leszek G\u00f3ra<\/figcaption><\/figure>\n<p>T\u0105 sam\u0105 taktyk\u0119 Jujol realizowa\u0142 przy innych swoich realizacjach. Po\u0142o\u017cona na dzisiejszym przedmie\u015bciu Barcelony\u00a0Esplugues de Llobregat \u00a0fabryka ju\u017c dzisiaj nie istnieje, ale na jej miejscu znajduje si\u0119 Muzeum Ceramiki La Rajoleta. Mo\u017cna si\u0119 w nim wiele dowiedzie\u0107 o tworzeniu ceramiki, s\u0142awnych klientach, takich jak w\u0142a\u015bnie Gaudi, Jujol czy Dom\u00e8nech i Montaner oraz nauczy\u0107 si\u0119 robi\u0107 trencad\u00eds. \u00a0Je\u015bli chcecie si\u0119 dowiedzie\u0107 wi\u0119cej o tworzeniu ceramiki i mozaiki i o historii w\u0142a\u015bcicieli fabryki przeplatanej przyja\u017aniami z architektami i katalo\u0144skim modernizmem, odwiedzcie koniecznie\u00a0<a href=\"http:\/\/www.museus.esplugues.cat\/\">http:\/\/www.museus.esplugues.cat\/<\/a><\/p>\n","protected":false},"excerpt":{"rendered":"<p>Poniewa\u017c zbli\u017caj\u0105 si\u0119 wakacje, kiedy to Barcelona staje si\u0119 jeszcze popularniejszym celem wycieczek, chc\u0119 Was zach\u0119ci\u0107 do wytropienia trencad\u00eds, czyli mozaiki z pot\u0142uczonych talerzy i ceramiki, kt\u00f3r\u0105 mo\u017cna znale\u017a\u0107 w stolicy Katalonii. Trencad\u00eds w og\u00f3le wyst\u0119puj\u0105 do\u015b\u0107 obficie w katalo\u0144skiej architekturze modernistycznej, a mozaikowym rajem jest oczywi\u015bcie Park G\u00fcell.<\/p>\n","protected":false},"author":1,"featured_media":0,"comment_status":"open","ping_status":"open","sticky":false,"template":"","format":"standard","meta":{"jetpack_post_was_ever_published":false,"_jetpack_newsletter_access":"","_jetpack_dont_email_post_to_subs":false,"_jetpack_newsletter_tier_id":0,"_jetpack_memberships_contains_paywalled_content":false,"_jetpack_memberships_contains_paid_content":false,"footnotes":"","jetpack_publicize_message":"","jetpack_publicize_feature_enabled":true,"jetpack_social_post_already_shared":true,"jetpack_social_options":{"image_generator_settings":{"template":"highway","enabled":false},"version":2}},"categories":[3],"tags":[],"class_list":["post-1617","post","type-post","status-publish","format-standard","hentry","category-historia-mozaiki"],"jetpack_publicize_connections":[],"aioseo_notices":[],"jetpack_featured_media_url":"","jetpack_sharing_enabled":true,"jetpack_shortlink":"https:\/\/wp.me\/p72G1w-q5","jetpack-related-posts":[],"_links":{"self":[{"href":"https:\/\/mozaikowanie.pl\/index.php\/wp-json\/wp\/v2\/posts\/1617","targetHints":{"allow":["GET"]}}],"collection":[{"href":"https:\/\/mozaikowanie.pl\/index.php\/wp-json\/wp\/v2\/posts"}],"about":[{"href":"https:\/\/mozaikowanie.pl\/index.php\/wp-json\/wp\/v2\/types\/post"}],"author":[{"embeddable":true,"href":"https:\/\/mozaikowanie.pl\/index.php\/wp-json\/wp\/v2\/users\/1"}],"replies":[{"embeddable":true,"href":"https:\/\/mozaikowanie.pl\/index.php\/wp-json\/wp\/v2\/comments?post=1617"}],"version-history":[{"count":12,"href":"https:\/\/mozaikowanie.pl\/index.php\/wp-json\/wp\/v2\/posts\/1617\/revisions"}],"predecessor-version":[{"id":1636,"href":"https:\/\/mozaikowanie.pl\/index.php\/wp-json\/wp\/v2\/posts\/1617\/revisions\/1636"}],"wp:attachment":[{"href":"https:\/\/mozaikowanie.pl\/index.php\/wp-json\/wp\/v2\/media?parent=1617"}],"wp:term":[{"taxonomy":"category","embeddable":true,"href":"https:\/\/mozaikowanie.pl\/index.php\/wp-json\/wp\/v2\/categories?post=1617"},{"taxonomy":"post_tag","embeddable":true,"href":"https:\/\/mozaikowanie.pl\/index.php\/wp-json\/wp\/v2\/tags?post=1617"}],"curies":[{"name":"wp","href":"https:\/\/api.w.org\/{rel}","templated":true}]}}