{"id":1699,"date":"2016-08-03T23:18:32","date_gmt":"2016-08-03T21:18:32","guid":{"rendered":"http:\/\/mozaikowanie.pl\/?p=1699"},"modified":"2016-10-12T17:51:50","modified_gmt":"2016-10-12T15:51:50","slug":"przestrzenne-fascynacje-justyny-budzyn","status":"publish","type":"post","link":"https:\/\/mozaikowanie.pl\/index.php\/2016\/08\/03\/przestrzenne-fascynacje-justyny-budzyn\/","title":{"rendered":"Przestrzenne fascynacje Justyny Budzyn"},"content":{"rendered":"<p>O istnieniu Justyny Budzyn dowiedzia\u0142am si\u0119 szukaj\u0105c par\u0119 lat temu kurs\u00f3w mozaiki w Polsce. Internety podpowiedzia\u0142y, \u017ce jest kto\u015b, kto takie kursy robi, ale kursy odbywaj\u0105 si\u0119 w okolicach Szczecina, co wydawa\u0142o mi si\u0119 wtedy destynacj\u0105 zbyt odleg\u0142\u0105 na nauk\u0119 mozaiki (jak\u017ce naiwnie:)). Na\u00a0szcz\u0119\u015bcie nadrobi\u0142am ten b\u0142\u0105d, jad\u0105c w lipcu do S\u0142o\u0144ska na tygodniowe plenerowe warsztaty, prowadzone przez Justyn\u0119. Ci z Was, kt\u00f3rzy \u015bledz\u0105 profil Mozaikowania na Facebooku mieli ju\u017c przedsmak wra\u017ce\u0144 z warsztat\u00f3w, ale teraz zapraszam Was na powie\u015b\u0107 w odcinkach na ich temat.<\/p>\n<figure id=\"attachment_1712\" aria-describedby=\"caption-attachment-1712\" style=\"width: 462px\" class=\"wp-caption alignnone\"><a href=\"https:\/\/i0.wp.com\/mozaikowanie.pl\/wp-content\/uploads\/2016\/08\/poczekaj.jpg\"><img data-recalc-dims=\"1\" loading=\"lazy\" decoding=\"async\" data-attachment-id=\"1712\" data-permalink=\"https:\/\/mozaikowanie.pl\/index.php\/2016\/08\/03\/przestrzenne-fascynacje-justyny-budzyn\/poczekaj\/\" data-orig-file=\"https:\/\/i0.wp.com\/mozaikowanie.pl\/wp-content\/uploads\/2016\/08\/poczekaj.jpg?fit=1040%2C585&amp;ssl=1\" data-orig-size=\"1040,585\" data-comments-opened=\"1\" data-image-meta=\"{&quot;aperture&quot;:&quot;0&quot;,&quot;credit&quot;:&quot;&quot;,&quot;camera&quot;:&quot;&quot;,&quot;caption&quot;:&quot;&quot;,&quot;created_timestamp&quot;:&quot;0&quot;,&quot;copyright&quot;:&quot;&quot;,&quot;focal_length&quot;:&quot;0&quot;,&quot;iso&quot;:&quot;0&quot;,&quot;shutter_speed&quot;:&quot;0&quot;,&quot;title&quot;:&quot;&quot;,&quot;orientation&quot;:&quot;0&quot;}\" data-image-title=\"poczekaj\" data-image-description=\"\" data-image-caption=\"\" data-medium-file=\"https:\/\/i0.wp.com\/mozaikowanie.pl\/wp-content\/uploads\/2016\/08\/poczekaj.jpg?fit=300%2C169&amp;ssl=1\" data-large-file=\"https:\/\/i0.wp.com\/mozaikowanie.pl\/wp-content\/uploads\/2016\/08\/poczekaj.jpg?fit=474%2C267&amp;ssl=1\" class=\"wp-image-1712 \" src=\"https:\/\/i0.wp.com\/mozaikowanie.pl\/wp-content\/uploads\/2016\/08\/poczekaj-300x169.jpg?resize=462%2C260\" alt=\"poczekaj\" width=\"462\" height=\"260\" srcset=\"https:\/\/i0.wp.com\/mozaikowanie.pl\/wp-content\/uploads\/2016\/08\/poczekaj.jpg?resize=300%2C169&amp;ssl=1 300w, https:\/\/i0.wp.com\/mozaikowanie.pl\/wp-content\/uploads\/2016\/08\/poczekaj.jpg?resize=768%2C432&amp;ssl=1 768w, https:\/\/i0.wp.com\/mozaikowanie.pl\/wp-content\/uploads\/2016\/08\/poczekaj.jpg?resize=1024%2C576&amp;ssl=1 1024w, https:\/\/i0.wp.com\/mozaikowanie.pl\/wp-content\/uploads\/2016\/08\/poczekaj.jpg?w=1040&amp;ssl=1 1040w, https:\/\/i0.wp.com\/mozaikowanie.pl\/wp-content\/uploads\/2016\/08\/poczekaj.jpg?w=948&amp;ssl=1 948w\" sizes=\"auto, (max-width: 462px) 100vw, 462px\" \/><\/a><figcaption id=\"caption-attachment-1712\" class=\"wp-caption-text\">street artowa wlepka Justyny Budzyn na w tunelu kolejowym w Kostrzynie nad Odr\u0105<\/figcaption><\/figure>\n<p><!--more--><\/p>\n<p>Zaczn\u0119 od przedstawienia Wam samej Artystki:<\/p>\n<figure id=\"attachment_1714\" aria-describedby=\"caption-attachment-1714\" style=\"width: 251px\" class=\"wp-caption alignnone\"><a href=\"https:\/\/i0.wp.com\/mozaikowanie.pl\/wp-content\/uploads\/2016\/08\/justyna.jpg\"><img data-recalc-dims=\"1\" loading=\"lazy\" decoding=\"async\" data-attachment-id=\"1714\" data-permalink=\"https:\/\/mozaikowanie.pl\/index.php\/2016\/08\/03\/przestrzenne-fascynacje-justyny-budzyn\/justyna\/\" data-orig-file=\"https:\/\/i0.wp.com\/mozaikowanie.pl\/wp-content\/uploads\/2016\/08\/justyna.jpg?fit=329%2C585&amp;ssl=1\" data-orig-size=\"329,585\" data-comments-opened=\"1\" data-image-meta=\"{&quot;aperture&quot;:&quot;0&quot;,&quot;credit&quot;:&quot;&quot;,&quot;camera&quot;:&quot;&quot;,&quot;caption&quot;:&quot;&quot;,&quot;created_timestamp&quot;:&quot;0&quot;,&quot;copyright&quot;:&quot;&quot;,&quot;focal_length&quot;:&quot;0&quot;,&quot;iso&quot;:&quot;0&quot;,&quot;shutter_speed&quot;:&quot;0&quot;,&quot;title&quot;:&quot;&quot;,&quot;orientation&quot;:&quot;0&quot;}\" data-image-title=\"justyna\" data-image-description=\"\" data-image-caption=\"\" data-medium-file=\"https:\/\/i0.wp.com\/mozaikowanie.pl\/wp-content\/uploads\/2016\/08\/justyna.jpg?fit=169%2C300&amp;ssl=1\" data-large-file=\"https:\/\/i0.wp.com\/mozaikowanie.pl\/wp-content\/uploads\/2016\/08\/justyna.jpg?fit=329%2C585&amp;ssl=1\" class=\"wp-image-1714 \" src=\"https:\/\/i0.wp.com\/mozaikowanie.pl\/wp-content\/uploads\/2016\/08\/justyna-169x300.jpg?resize=251%2C446\" alt=\"justyna\" width=\"251\" height=\"446\" srcset=\"https:\/\/i0.wp.com\/mozaikowanie.pl\/wp-content\/uploads\/2016\/08\/justyna.jpg?resize=169%2C300&amp;ssl=1 169w, https:\/\/i0.wp.com\/mozaikowanie.pl\/wp-content\/uploads\/2016\/08\/justyna.jpg?w=329&amp;ssl=1 329w\" sizes=\"auto, (max-width: 251px) 100vw, 251px\" \/><\/a><figcaption id=\"caption-attachment-1714\" class=\"wp-caption-text\">&#8222;Artysta zadumany nad blatem od sto\u0142u&#8221;, S\u0142o\u0144sk<\/figcaption><\/figure>\n<p>Justyna Budzyn od kilku lat prowadzi swoj\u0105 autorsk\u0105 pracowni\u0119 ceramiki w Pog\u00f3rzu niedaleko Barlinka, ale przede wszystkim zajmuje si\u0119 mozaik\u0105. Bakcyla z\u0142apa\u0142a nied\u0142ugo po sko\u0144czeniu szko\u0142y \u015bredniej podczas pobytu w Irlandii, gdzie zacz\u0119\u0142a prac\u0119 w studio Laury O\u2019Hagan, ucz\u0105c si\u0119 \u0142\u0105czy\u0107 architektur\u0119 ze sztuk\u0105 w j\u0119zyku mozaiki. Z Irlandii Justyna przenios\u0142a si\u0119 do Hiszpanii, gdzie uczy\u0142a si\u0119 w szkole ceramicznej, jednocze\u015bnie tworz\u0105c murale. Od tamtej pory tworzy ceramik\u0119, mozaiki i rze\u017aby, przede wszystkim du\u017cych format\u00f3w, zajmuje si\u0119 te\u017c <em>street artem.<\/em><\/p>\n<figure id=\"attachment_1701\" aria-describedby=\"caption-attachment-1701\" style=\"width: 449px\" class=\"wp-caption alignnone\"><a href=\"https:\/\/i0.wp.com\/mozaikowanie.pl\/wp-content\/uploads\/2016\/08\/chile.jpg\"><img data-recalc-dims=\"1\" loading=\"lazy\" decoding=\"async\" data-attachment-id=\"1701\" data-permalink=\"https:\/\/mozaikowanie.pl\/index.php\/2016\/08\/03\/przestrzenne-fascynacje-justyny-budzyn\/chile\/\" data-orig-file=\"https:\/\/i0.wp.com\/mozaikowanie.pl\/wp-content\/uploads\/2016\/08\/chile.jpg?fit=1600%2C1066&amp;ssl=1\" data-orig-size=\"1600,1066\" data-comments-opened=\"1\" data-image-meta=\"{&quot;aperture&quot;:&quot;0&quot;,&quot;credit&quot;:&quot;&quot;,&quot;camera&quot;:&quot;&quot;,&quot;caption&quot;:&quot;&quot;,&quot;created_timestamp&quot;:&quot;0&quot;,&quot;copyright&quot;:&quot;&quot;,&quot;focal_length&quot;:&quot;0&quot;,&quot;iso&quot;:&quot;0&quot;,&quot;shutter_speed&quot;:&quot;0&quot;,&quot;title&quot;:&quot;&quot;,&quot;orientation&quot;:&quot;0&quot;}\" data-image-title=\"chile\" data-image-description=\"\" data-image-caption=\"\" data-medium-file=\"https:\/\/i0.wp.com\/mozaikowanie.pl\/wp-content\/uploads\/2016\/08\/chile.jpg?fit=300%2C200&amp;ssl=1\" data-large-file=\"https:\/\/i0.wp.com\/mozaikowanie.pl\/wp-content\/uploads\/2016\/08\/chile.jpg?fit=474%2C316&amp;ssl=1\" class=\"wp-image-1701\" src=\"https:\/\/i0.wp.com\/mozaikowanie.pl\/wp-content\/uploads\/2016\/08\/chile-300x200.jpg?resize=449%2C299\" alt=\"chile\" width=\"449\" height=\"299\" srcset=\"https:\/\/i0.wp.com\/mozaikowanie.pl\/wp-content\/uploads\/2016\/08\/chile.jpg?resize=300%2C200&amp;ssl=1 300w, https:\/\/i0.wp.com\/mozaikowanie.pl\/wp-content\/uploads\/2016\/08\/chile.jpg?resize=768%2C512&amp;ssl=1 768w, https:\/\/i0.wp.com\/mozaikowanie.pl\/wp-content\/uploads\/2016\/08\/chile.jpg?resize=1024%2C682&amp;ssl=1 1024w, https:\/\/i0.wp.com\/mozaikowanie.pl\/wp-content\/uploads\/2016\/08\/chile.jpg?w=1600&amp;ssl=1 1600w, https:\/\/i0.wp.com\/mozaikowanie.pl\/wp-content\/uploads\/2016\/08\/chile.jpg?w=948&amp;ssl=1 948w, https:\/\/i0.wp.com\/mozaikowanie.pl\/wp-content\/uploads\/2016\/08\/chile.jpg?w=1422&amp;ssl=1 1422w\" sizes=\"auto, (max-width: 449px) 100vw, 449px\" \/><\/a><figcaption id=\"caption-attachment-1701\" class=\"wp-caption-text\">mural zrealizowany przez Justyn\u0119 Budzyn wraz z grup\u0105 artyst\u00f3w w Puente Alto\/Santiago, Chile w 2014 roku, \u017ar\u00f3d\u0142o: www.justynabudzyn.pl<\/figcaption><\/figure>\n<p>Obecnie dzia\u0142a g\u0142\u00f3wnie w tr\u00f3jk\u0105cie Barlinek-Gorz\u00f3w Wielkopolski-Uj\u015bcie Warty, ale swoje prace pokazywa\u0142a na wystawach w kilku krajach. Niedawno zosta\u0142a zaproszona (jako jedna z pi\u0105tki artyst\u00f3w spoza Ameryki \u0141aci\u0144skiej) do udzia\u0142u w Mi\u0119dzynarodowym Biennale Murali i Sztuki Publicznej w Kolumbii, co jest wspania\u0142ym dowodem uznania dla jej pracy.<\/p>\n<p>Justyna ma ogrom wiedzy o mozaice, kt\u00f3ra wymaga zar\u00f3wno malarskiego oka, wra\u017cliwo\u015bci i wyobra\u017ani, jak i (w przypadku du\u017cego formatu) tzw. <em>pa\u0142eru <\/em>w ramieniu, \u017ceby np. podpi\u0142owa\u0107 kawa\u0142 deski lub nonszalancko zarzuci\u0107 worek z cementem. Justyna Budzyn \u0142\u0105czy w sobie zalety artystyczne i in\u017cynierskie, a do tego jest niezwykle \u017cyczliw\u0105 i konkretn\u0105 osob\u0105, kt\u00f3ra cierpliwie odpowiada na nieko\u0144cz\u0105ce si\u0119 pytania i dzieli swoj\u0105 wiedz\u0105. Ta \u017cyczliwo\u015b\u0107 i ch\u0119\u0107 pomocy na warsztatach wsp\u00f3\u0142gra z licznymi wolontariackimi i spo\u0142ecznymi projektami , kt\u00f3re realizuje. Kr\u00f3tko m\u00f3wi\u0105c jest to fantastyczna dziewczyna i polecam Wam bardzo nie tylko jej tw\u00f3rczo\u015b\u0107, ale i warsztaty przez ni\u0105 prowadzone. A tym po\u015bcie chcia\u0142abym Wam pokaza\u0107 kilka jej prac, z kt\u00f3rych cz\u0119\u015b\u0107 mia\u0142am przyjemno\u015b\u0107 ogl\u0105da\u0107 na w\u0142asne oczy.<\/p>\n<p>Justyn\u0119 fascynuje du\u017cy format. Mog\u0142am si\u0119 o tym przekona\u0107 odwiedzaj\u0105c Muzeum \u0141\u0105ki w Owczarach. Trudno uwierzy\u0107, \u017ce co\u015b tak pi\u0119knego mo\u017ce wy\u0142oni\u0107 si\u0119 zza zakr\u0119tu w ma\u0142ej wiosce na drodze krajowej numer 31 \u0142\u0105cz\u0105cej S\u0142ubice ze Szczecinem.<\/p>\n<figure id=\"attachment_1704\" aria-describedby=\"caption-attachment-1704\" style=\"width: 430px\" class=\"wp-caption alignnone\"><a href=\"https:\/\/i0.wp.com\/mozaikowanie.pl\/wp-content\/uploads\/2016\/08\/muzeum.jpg\"><img data-recalc-dims=\"1\" loading=\"lazy\" decoding=\"async\" data-attachment-id=\"1704\" data-permalink=\"https:\/\/mozaikowanie.pl\/index.php\/2016\/08\/03\/przestrzenne-fascynacje-justyny-budzyn\/muzeum\/\" data-orig-file=\"https:\/\/i0.wp.com\/mozaikowanie.pl\/wp-content\/uploads\/2016\/08\/muzeum.jpg?fit=1040%2C585&amp;ssl=1\" data-orig-size=\"1040,585\" data-comments-opened=\"1\" data-image-meta=\"{&quot;aperture&quot;:&quot;0&quot;,&quot;credit&quot;:&quot;&quot;,&quot;camera&quot;:&quot;&quot;,&quot;caption&quot;:&quot;&quot;,&quot;created_timestamp&quot;:&quot;0&quot;,&quot;copyright&quot;:&quot;&quot;,&quot;focal_length&quot;:&quot;0&quot;,&quot;iso&quot;:&quot;0&quot;,&quot;shutter_speed&quot;:&quot;0&quot;,&quot;title&quot;:&quot;&quot;,&quot;orientation&quot;:&quot;0&quot;}\" data-image-title=\"muzeum\" data-image-description=\"\" data-image-caption=\"\" data-medium-file=\"https:\/\/i0.wp.com\/mozaikowanie.pl\/wp-content\/uploads\/2016\/08\/muzeum.jpg?fit=300%2C169&amp;ssl=1\" data-large-file=\"https:\/\/i0.wp.com\/mozaikowanie.pl\/wp-content\/uploads\/2016\/08\/muzeum.jpg?fit=474%2C267&amp;ssl=1\" class=\"wp-image-1704\" src=\"https:\/\/i0.wp.com\/mozaikowanie.pl\/wp-content\/uploads\/2016\/08\/muzeum-300x169.jpg?resize=430%2C242\" alt=\"muzeum\" width=\"430\" height=\"242\" srcset=\"https:\/\/i0.wp.com\/mozaikowanie.pl\/wp-content\/uploads\/2016\/08\/muzeum.jpg?resize=300%2C169&amp;ssl=1 300w, https:\/\/i0.wp.com\/mozaikowanie.pl\/wp-content\/uploads\/2016\/08\/muzeum.jpg?resize=768%2C432&amp;ssl=1 768w, https:\/\/i0.wp.com\/mozaikowanie.pl\/wp-content\/uploads\/2016\/08\/muzeum.jpg?resize=1024%2C576&amp;ssl=1 1024w, https:\/\/i0.wp.com\/mozaikowanie.pl\/wp-content\/uploads\/2016\/08\/muzeum.jpg?w=1040&amp;ssl=1 1040w, https:\/\/i0.wp.com\/mozaikowanie.pl\/wp-content\/uploads\/2016\/08\/muzeum.jpg?w=948&amp;ssl=1 948w\" sizes=\"auto, (max-width: 430px) 100vw, 430px\" \/><\/a><figcaption id=\"caption-attachment-1704\" class=\"wp-caption-text\">Muzeum \u0141\u0105ki w Owczarach, mural projektu Justyny Budzyn<\/figcaption><\/figure>\n<p>Ta realizacja zas\u0142uguje na oddzielny post, wi\u0119c zapraszam na bloga za kilkana\u015bcie dni\u00a0po wi\u0119cej szczeg\u00f3\u0142\u00f3w.<\/p>\n<p>Pierwsz\u0105 prac\u0105 Justyny, kt\u00f3r\u0105\u00a0zobaczy\u0142am w<em> realu<\/em> by\u0142a tabliczka z adresem w S\u0142o\u0144sku:<\/p>\n<figure id=\"attachment_1706\" aria-describedby=\"caption-attachment-1706\" style=\"width: 433px\" class=\"wp-caption alignnone\"><a href=\"https:\/\/i0.wp.com\/mozaikowanie.pl\/wp-content\/uploads\/2016\/08\/stacja.jpg\"><img data-recalc-dims=\"1\" loading=\"lazy\" decoding=\"async\" data-attachment-id=\"1706\" data-permalink=\"https:\/\/mozaikowanie.pl\/index.php\/2016\/08\/03\/przestrzenne-fascynacje-justyny-budzyn\/stacja\/\" data-orig-file=\"https:\/\/i0.wp.com\/mozaikowanie.pl\/wp-content\/uploads\/2016\/08\/stacja.jpg?fit=1040%2C585&amp;ssl=1\" data-orig-size=\"1040,585\" data-comments-opened=\"1\" data-image-meta=\"{&quot;aperture&quot;:&quot;0&quot;,&quot;credit&quot;:&quot;&quot;,&quot;camera&quot;:&quot;&quot;,&quot;caption&quot;:&quot;&quot;,&quot;created_timestamp&quot;:&quot;0&quot;,&quot;copyright&quot;:&quot;&quot;,&quot;focal_length&quot;:&quot;0&quot;,&quot;iso&quot;:&quot;0&quot;,&quot;shutter_speed&quot;:&quot;0&quot;,&quot;title&quot;:&quot;&quot;,&quot;orientation&quot;:&quot;0&quot;}\" data-image-title=\"stacja\" data-image-description=\"\" data-image-caption=\"\" data-medium-file=\"https:\/\/i0.wp.com\/mozaikowanie.pl\/wp-content\/uploads\/2016\/08\/stacja.jpg?fit=300%2C169&amp;ssl=1\" data-large-file=\"https:\/\/i0.wp.com\/mozaikowanie.pl\/wp-content\/uploads\/2016\/08\/stacja.jpg?fit=474%2C267&amp;ssl=1\" class=\"wp-image-1706\" src=\"https:\/\/i0.wp.com\/mozaikowanie.pl\/wp-content\/uploads\/2016\/08\/stacja-300x169.jpg?resize=433%2C244\" alt=\"stacja\" width=\"433\" height=\"244\" srcset=\"https:\/\/i0.wp.com\/mozaikowanie.pl\/wp-content\/uploads\/2016\/08\/stacja.jpg?resize=300%2C169&amp;ssl=1 300w, https:\/\/i0.wp.com\/mozaikowanie.pl\/wp-content\/uploads\/2016\/08\/stacja.jpg?resize=768%2C432&amp;ssl=1 768w, https:\/\/i0.wp.com\/mozaikowanie.pl\/wp-content\/uploads\/2016\/08\/stacja.jpg?resize=1024%2C576&amp;ssl=1 1024w, https:\/\/i0.wp.com\/mozaikowanie.pl\/wp-content\/uploads\/2016\/08\/stacja.jpg?w=1040&amp;ssl=1 1040w, https:\/\/i0.wp.com\/mozaikowanie.pl\/wp-content\/uploads\/2016\/08\/stacja.jpg?w=948&amp;ssl=1 948w\" sizes=\"auto, (max-width: 433px) 100vw, 433px\" \/><\/a><figcaption id=\"caption-attachment-1706\" class=\"wp-caption-text\">mozaika Justyny Budzyn &#8211; tabliczka adresowa<\/figcaption><\/figure>\n<p>Warsztaty odbywa\u0142y si\u0119 w siedzibie Rzeczpospolitej Ptasiej w Parku Narodowym Uj\u015bcie Warty, we wspania\u0142ym miejscu prowadzonym przez przyrodnik\u00f3w Iz\u0119 i Jacka pod tym w\u0142a\u015bnie oryginalnym adresem.<\/p>\n<p>W samym S\u0142o\u0144sku jest jeszcze druga, r\u00f3wnie pi\u0119kna tabliczka:<\/p>\n<p><a href=\"https:\/\/i0.wp.com\/mozaikowanie.pl\/wp-content\/uploads\/2016\/08\/puszkina.jpg\"><img data-recalc-dims=\"1\" loading=\"lazy\" decoding=\"async\" data-attachment-id=\"1705\" data-permalink=\"https:\/\/mozaikowanie.pl\/index.php\/2016\/08\/03\/przestrzenne-fascynacje-justyny-budzyn\/puszkina\/\" data-orig-file=\"https:\/\/i0.wp.com\/mozaikowanie.pl\/wp-content\/uploads\/2016\/08\/puszkina.jpg?fit=1040%2C585&amp;ssl=1\" data-orig-size=\"1040,585\" data-comments-opened=\"1\" data-image-meta=\"{&quot;aperture&quot;:&quot;0&quot;,&quot;credit&quot;:&quot;&quot;,&quot;camera&quot;:&quot;&quot;,&quot;caption&quot;:&quot;&quot;,&quot;created_timestamp&quot;:&quot;0&quot;,&quot;copyright&quot;:&quot;&quot;,&quot;focal_length&quot;:&quot;0&quot;,&quot;iso&quot;:&quot;0&quot;,&quot;shutter_speed&quot;:&quot;0&quot;,&quot;title&quot;:&quot;&quot;,&quot;orientation&quot;:&quot;0&quot;}\" data-image-title=\"puszkina\" data-image-description=\"\" data-image-caption=\"\" data-medium-file=\"https:\/\/i0.wp.com\/mozaikowanie.pl\/wp-content\/uploads\/2016\/08\/puszkina.jpg?fit=300%2C169&amp;ssl=1\" data-large-file=\"https:\/\/i0.wp.com\/mozaikowanie.pl\/wp-content\/uploads\/2016\/08\/puszkina.jpg?fit=474%2C267&amp;ssl=1\" class=\"alignnone wp-image-1705\" src=\"https:\/\/i0.wp.com\/mozaikowanie.pl\/wp-content\/uploads\/2016\/08\/puszkina-300x169.jpg?resize=422%2C238\" alt=\"puszkina\" width=\"422\" height=\"238\" srcset=\"https:\/\/i0.wp.com\/mozaikowanie.pl\/wp-content\/uploads\/2016\/08\/puszkina.jpg?resize=300%2C169&amp;ssl=1 300w, https:\/\/i0.wp.com\/mozaikowanie.pl\/wp-content\/uploads\/2016\/08\/puszkina.jpg?resize=768%2C432&amp;ssl=1 768w, https:\/\/i0.wp.com\/mozaikowanie.pl\/wp-content\/uploads\/2016\/08\/puszkina.jpg?resize=1024%2C576&amp;ssl=1 1024w, https:\/\/i0.wp.com\/mozaikowanie.pl\/wp-content\/uploads\/2016\/08\/puszkina.jpg?w=1040&amp;ssl=1 1040w, https:\/\/i0.wp.com\/mozaikowanie.pl\/wp-content\/uploads\/2016\/08\/puszkina.jpg?w=948&amp;ssl=1 948w\" sizes=\"auto, (max-width: 422px) 100vw, 422px\" \/><\/a><\/p>\n<p>S\u0105 to przyk\u0142ady mozaik u\u017cytkowych, kt\u00f3re mo\u017cna u Justyny zam\u00f3wi\u0107.<\/p>\n<p>Wiele prac realizowanych jest we wsp\u00f3\u0142pracy z samorz\u0105dami lokalnymi &#8211; s\u0105 to projekty jak np. &#8222;Kostrzyn na fali&#8221;, gdzie uczestnicy tworzyli z pomoc\u0105 Justyny mozaik\u0119, b\u0119d\u0105c\u0105 logo imprezy &#8222;Kostrzyn Na Fali&#8221;. Mozaika zdobi obecnie wej\u015bcie na dworzec w Kostrzynie nad Odr\u0105:<\/p>\n<p><a href=\"https:\/\/i0.wp.com\/mozaikowanie.pl\/wp-content\/uploads\/2016\/08\/kostrzyn.jpg\"><img data-recalc-dims=\"1\" loading=\"lazy\" decoding=\"async\" data-attachment-id=\"1710\" data-permalink=\"https:\/\/mozaikowanie.pl\/index.php\/2016\/08\/03\/przestrzenne-fascynacje-justyny-budzyn\/kostrzyn\/\" data-orig-file=\"https:\/\/i0.wp.com\/mozaikowanie.pl\/wp-content\/uploads\/2016\/08\/kostrzyn.jpg?fit=1040%2C585&amp;ssl=1\" data-orig-size=\"1040,585\" data-comments-opened=\"1\" data-image-meta=\"{&quot;aperture&quot;:&quot;0&quot;,&quot;credit&quot;:&quot;&quot;,&quot;camera&quot;:&quot;&quot;,&quot;caption&quot;:&quot;&quot;,&quot;created_timestamp&quot;:&quot;0&quot;,&quot;copyright&quot;:&quot;&quot;,&quot;focal_length&quot;:&quot;0&quot;,&quot;iso&quot;:&quot;0&quot;,&quot;shutter_speed&quot;:&quot;0&quot;,&quot;title&quot;:&quot;&quot;,&quot;orientation&quot;:&quot;0&quot;}\" data-image-title=\"kostrzyn\" data-image-description=\"\" data-image-caption=\"\" data-medium-file=\"https:\/\/i0.wp.com\/mozaikowanie.pl\/wp-content\/uploads\/2016\/08\/kostrzyn.jpg?fit=300%2C169&amp;ssl=1\" data-large-file=\"https:\/\/i0.wp.com\/mozaikowanie.pl\/wp-content\/uploads\/2016\/08\/kostrzyn.jpg?fit=474%2C267&amp;ssl=1\" class=\"alignnone wp-image-1710\" src=\"https:\/\/i0.wp.com\/mozaikowanie.pl\/wp-content\/uploads\/2016\/08\/kostrzyn-300x169.jpg?resize=360%2C203\" alt=\"kostrzyn\" width=\"360\" height=\"203\" srcset=\"https:\/\/i0.wp.com\/mozaikowanie.pl\/wp-content\/uploads\/2016\/08\/kostrzyn.jpg?resize=300%2C169&amp;ssl=1 300w, https:\/\/i0.wp.com\/mozaikowanie.pl\/wp-content\/uploads\/2016\/08\/kostrzyn.jpg?resize=768%2C432&amp;ssl=1 768w, https:\/\/i0.wp.com\/mozaikowanie.pl\/wp-content\/uploads\/2016\/08\/kostrzyn.jpg?resize=1024%2C576&amp;ssl=1 1024w, https:\/\/i0.wp.com\/mozaikowanie.pl\/wp-content\/uploads\/2016\/08\/kostrzyn.jpg?w=1040&amp;ssl=1 1040w, https:\/\/i0.wp.com\/mozaikowanie.pl\/wp-content\/uploads\/2016\/08\/kostrzyn.jpg?w=948&amp;ssl=1 948w\" sizes=\"auto, (max-width: 360px) 100vw, 360px\" \/><\/a><\/p>\n<p>U Justyny mo\u017cna sobie te\u017c\u00a0zam\u00f3wi\u0107 np. sw\u00f3j herb (zak\u0142adam, \u017ce bez wzgl\u0119du na to, czy jest si\u0119 miastem, czy szlachciank\u0105). Poni\u017cszy przyk\u0142ad\u00a0pokazuje wykorzystanie w\u0142asnor\u0119cznie przez Justyn\u0119 robionej ceramiki z gotowymi p\u0142ytkami:<\/p>\n<figure id=\"attachment_1708\" aria-describedby=\"caption-attachment-1708\" style=\"width: 332px\" class=\"wp-caption alignnone\"><a href=\"https:\/\/i0.wp.com\/mozaikowanie.pl\/wp-content\/uploads\/2016\/08\/chelm2.jpg\"><img data-recalc-dims=\"1\" loading=\"lazy\" decoding=\"async\" data-attachment-id=\"1708\" data-permalink=\"https:\/\/mozaikowanie.pl\/index.php\/2016\/08\/03\/przestrzenne-fascynacje-justyny-budzyn\/chelm2\/\" data-orig-file=\"https:\/\/i0.wp.com\/mozaikowanie.pl\/wp-content\/uploads\/2016\/08\/chelm2.jpg?fit=329%2C449&amp;ssl=1\" data-orig-size=\"329,449\" data-comments-opened=\"1\" data-image-meta=\"{&quot;aperture&quot;:&quot;0&quot;,&quot;credit&quot;:&quot;&quot;,&quot;camera&quot;:&quot;&quot;,&quot;caption&quot;:&quot;&quot;,&quot;created_timestamp&quot;:&quot;0&quot;,&quot;copyright&quot;:&quot;&quot;,&quot;focal_length&quot;:&quot;0&quot;,&quot;iso&quot;:&quot;0&quot;,&quot;shutter_speed&quot;:&quot;0&quot;,&quot;title&quot;:&quot;&quot;,&quot;orientation&quot;:&quot;0&quot;}\" data-image-title=\"chelm2\" data-image-description=\"\" data-image-caption=\"\" data-medium-file=\"https:\/\/i0.wp.com\/mozaikowanie.pl\/wp-content\/uploads\/2016\/08\/chelm2.jpg?fit=220%2C300&amp;ssl=1\" data-large-file=\"https:\/\/i0.wp.com\/mozaikowanie.pl\/wp-content\/uploads\/2016\/08\/chelm2.jpg?fit=329%2C449&amp;ssl=1\" class=\"wp-image-1708\" src=\"https:\/\/i0.wp.com\/mozaikowanie.pl\/wp-content\/uploads\/2016\/08\/chelm2-220x300.jpg?resize=332%2C453\" alt=\"chelm2\" width=\"332\" height=\"453\" srcset=\"https:\/\/i0.wp.com\/mozaikowanie.pl\/wp-content\/uploads\/2016\/08\/chelm2.jpg?resize=220%2C300&amp;ssl=1 220w, https:\/\/i0.wp.com\/mozaikowanie.pl\/wp-content\/uploads\/2016\/08\/chelm2.jpg?w=329&amp;ssl=1 329w\" sizes=\"auto, (max-width: 332px) 100vw, 332px\" \/><\/a><figcaption id=\"caption-attachment-1708\" class=\"wp-caption-text\">herb Che\u0142ma, mozaika na zam\u00f3wienie<\/figcaption><\/figure>\n<p>Je\u015bli kto\u015b ma odwag\u0119 na wi\u0119kszy projekt, to mo\u017ce rozwa\u017cy\u0107 betonowy st\u00f3\u0142 ogrodowy inkrustowany mozaik\u0105:<\/p>\n<figure id=\"attachment_1700\" aria-describedby=\"caption-attachment-1700\" style=\"width: 350px\" class=\"wp-caption alignnone\"><a href=\"https:\/\/i0.wp.com\/mozaikowanie.pl\/wp-content\/uploads\/2016\/08\/blat_betownoy.jpg\"><img data-recalc-dims=\"1\" loading=\"lazy\" decoding=\"async\" data-attachment-id=\"1700\" data-permalink=\"https:\/\/mozaikowanie.pl\/index.php\/2016\/08\/03\/przestrzenne-fascynacje-justyny-budzyn\/olympus-digital-camera-2\/\" data-orig-file=\"https:\/\/i0.wp.com\/mozaikowanie.pl\/wp-content\/uploads\/2016\/08\/blat_betownoy.jpg?fit=225%2C300&amp;ssl=1\" data-orig-size=\"225,300\" data-comments-opened=\"1\" data-image-meta=\"{&quot;aperture&quot;:&quot;13&quot;,&quot;credit&quot;:&quot;&quot;,&quot;camera&quot;:&quot;TG-820&quot;,&quot;caption&quot;:&quot;OLYMPUS DIGITAL CAMERA&quot;,&quot;created_timestamp&quot;:&quot;1467725549&quot;,&quot;copyright&quot;:&quot;&quot;,&quot;focal_length&quot;:&quot;6.83&quot;,&quot;iso&quot;:&quot;400&quot;,&quot;shutter_speed&quot;:&quot;0.005&quot;,&quot;title&quot;:&quot;OLYMPUS DIGITAL CAMERA&quot;,&quot;orientation&quot;:&quot;1&quot;}\" data-image-title=\"OLYMPUS DIGITAL CAMERA\" data-image-description=\"\" data-image-caption=\"&lt;p&gt;OLYMPUS DIGITAL CAMERA&lt;\/p&gt;\n\" data-medium-file=\"https:\/\/i0.wp.com\/mozaikowanie.pl\/wp-content\/uploads\/2016\/08\/blat_betownoy.jpg?fit=225%2C300&amp;ssl=1\" data-large-file=\"https:\/\/i0.wp.com\/mozaikowanie.pl\/wp-content\/uploads\/2016\/08\/blat_betownoy.jpg?fit=225%2C300&amp;ssl=1\" class=\"wp-image-1700\" src=\"https:\/\/i0.wp.com\/mozaikowanie.pl\/wp-content\/uploads\/2016\/08\/blat_betownoy-225x300.jpg?resize=350%2C467\" width=\"350\" height=\"467\" \/><\/a><figcaption id=\"caption-attachment-1700\" class=\"wp-caption-text\">blat betonowy inkrustowany mozaik\u0105, \u017ar\u00f3d\u0142o: www.justynabudzyn.pl<\/figcaption><\/figure>\n<figure id=\"attachment_1707\" aria-describedby=\"caption-attachment-1707\" style=\"width: 225px\" class=\"wp-caption alignnone\"><a href=\"https:\/\/i0.wp.com\/mozaikowanie.pl\/wp-content\/uploads\/2016\/08\/blatdet.jpg\"><img data-recalc-dims=\"1\" loading=\"lazy\" decoding=\"async\" data-attachment-id=\"1707\" data-permalink=\"https:\/\/mozaikowanie.pl\/index.php\/2016\/08\/03\/przestrzenne-fascynacje-justyny-budzyn\/olympus-digital-camera-3\/\" data-orig-file=\"https:\/\/i0.wp.com\/mozaikowanie.pl\/wp-content\/uploads\/2016\/08\/blatdet.jpg?fit=225%2C300&amp;ssl=1\" data-orig-size=\"225,300\" data-comments-opened=\"1\" data-image-meta=\"{&quot;aperture&quot;:&quot;13&quot;,&quot;credit&quot;:&quot;&quot;,&quot;camera&quot;:&quot;TG-820&quot;,&quot;caption&quot;:&quot;OLYMPUS DIGITAL CAMERA&quot;,&quot;created_timestamp&quot;:&quot;1467725585&quot;,&quot;copyright&quot;:&quot;&quot;,&quot;focal_length&quot;:&quot;6.83&quot;,&quot;iso&quot;:&quot;400&quot;,&quot;shutter_speed&quot;:&quot;0.0025&quot;,&quot;title&quot;:&quot;OLYMPUS DIGITAL CAMERA&quot;,&quot;orientation&quot;:&quot;1&quot;}\" data-image-title=\"OLYMPUS DIGITAL CAMERA\" data-image-description=\"\" data-image-caption=\"&lt;p&gt;OLYMPUS DIGITAL CAMERA&lt;\/p&gt;\n\" data-medium-file=\"https:\/\/i0.wp.com\/mozaikowanie.pl\/wp-content\/uploads\/2016\/08\/blatdet.jpg?fit=225%2C300&amp;ssl=1\" data-large-file=\"https:\/\/i0.wp.com\/mozaikowanie.pl\/wp-content\/uploads\/2016\/08\/blatdet.jpg?fit=225%2C300&amp;ssl=1\" class=\"wp-image-1707 size-medium\" src=\"https:\/\/i0.wp.com\/mozaikowanie.pl\/wp-content\/uploads\/2016\/08\/blatdet-225x300.jpg?resize=225%2C300\" width=\"225\" height=\"300\" \/><\/a><figcaption id=\"caption-attachment-1707\" class=\"wp-caption-text\">detal blatu inkrustowanego mozaik\u0105<\/figcaption><\/figure>\n<p>Justyna tworzy te\u017c dzie\u0142a w innym stylu, tak jak \u201eLand in\u201d, szukaj\u0105cy obecnie swojego docelowego gniazda.<\/p>\n<figure id=\"attachment_1703\" aria-describedby=\"caption-attachment-1703\" style=\"width: 411px\" class=\"wp-caption alignnone\"><a href=\"https:\/\/i0.wp.com\/mozaikowanie.pl\/wp-content\/uploads\/2016\/08\/landin2.jpg\"><img data-recalc-dims=\"1\" loading=\"lazy\" decoding=\"async\" data-attachment-id=\"1703\" data-permalink=\"https:\/\/mozaikowanie.pl\/index.php\/2016\/08\/03\/przestrzenne-fascynacje-justyny-budzyn\/landin2\/\" data-orig-file=\"https:\/\/i0.wp.com\/mozaikowanie.pl\/wp-content\/uploads\/2016\/08\/landin2.jpg?fit=300%2C292&amp;ssl=1\" data-orig-size=\"300,292\" data-comments-opened=\"1\" data-image-meta=\"{&quot;aperture&quot;:&quot;0&quot;,&quot;credit&quot;:&quot;\\&quot;Arkadiusz         Granatowski\\&quot;&quot;,&quot;camera&quot;:&quot;&quot;,&quot;caption&quot;:&quot;&quot;,&quot;created_timestamp&quot;:&quot;0&quot;,&quot;copyright&quot;:&quot;Arkadiusz         Granatowski&quot;,&quot;focal_length&quot;:&quot;0&quot;,&quot;iso&quot;:&quot;0&quot;,&quot;shutter_speed&quot;:&quot;0&quot;,&quot;title&quot;:&quot;&quot;,&quot;orientation&quot;:&quot;0&quot;}\" data-image-title=\"landin2\" data-image-description=\"\" data-image-caption=\"\" data-medium-file=\"https:\/\/i0.wp.com\/mozaikowanie.pl\/wp-content\/uploads\/2016\/08\/landin2.jpg?fit=300%2C292&amp;ssl=1\" data-large-file=\"https:\/\/i0.wp.com\/mozaikowanie.pl\/wp-content\/uploads\/2016\/08\/landin2.jpg?fit=300%2C292&amp;ssl=1\" class=\"wp-image-1703 \" src=\"https:\/\/i0.wp.com\/mozaikowanie.pl\/wp-content\/uploads\/2016\/08\/landin2-300x292.jpg?resize=411%2C400\" alt=\"landin2\" width=\"411\" height=\"400\" \/><\/a><figcaption id=\"caption-attachment-1703\" class=\"wp-caption-text\">mozaika artystyczna Justyny Budzyn &#8222;Land In&#8221;, \u017ar\u00f3d\u0142o: www.justynabudzyn.pl<\/figcaption><\/figure>\n<figure id=\"attachment_1702\" aria-describedby=\"caption-attachment-1702\" style=\"width: 300px\" class=\"wp-caption alignnone\"><a href=\"https:\/\/i0.wp.com\/mozaikowanie.pl\/wp-content\/uploads\/2016\/08\/landin.jpg\"><img data-recalc-dims=\"1\" loading=\"lazy\" decoding=\"async\" data-attachment-id=\"1702\" data-permalink=\"https:\/\/mozaikowanie.pl\/index.php\/2016\/08\/03\/przestrzenne-fascynacje-justyny-budzyn\/landin\/\" data-orig-file=\"https:\/\/i0.wp.com\/mozaikowanie.pl\/wp-content\/uploads\/2016\/08\/landin.jpg?fit=300%2C300&amp;ssl=1\" data-orig-size=\"300,300\" data-comments-opened=\"1\" data-image-meta=\"{&quot;aperture&quot;:&quot;0&quot;,&quot;credit&quot;:&quot;\\&quot;Arkadiusz         Granatowski\\&quot;&quot;,&quot;camera&quot;:&quot;&quot;,&quot;caption&quot;:&quot;&quot;,&quot;created_timestamp&quot;:&quot;0&quot;,&quot;copyright&quot;:&quot;Arkadiusz         Granatowski&quot;,&quot;focal_length&quot;:&quot;0&quot;,&quot;iso&quot;:&quot;0&quot;,&quot;shutter_speed&quot;:&quot;0&quot;,&quot;title&quot;:&quot;&quot;,&quot;orientation&quot;:&quot;0&quot;}\" data-image-title=\"landin\" data-image-description=\"\" data-image-caption=\"\" data-medium-file=\"https:\/\/i0.wp.com\/mozaikowanie.pl\/wp-content\/uploads\/2016\/08\/landin.jpg?fit=300%2C300&amp;ssl=1\" data-large-file=\"https:\/\/i0.wp.com\/mozaikowanie.pl\/wp-content\/uploads\/2016\/08\/landin.jpg?fit=300%2C300&amp;ssl=1\" class=\"wp-image-1702 size-full\" src=\"https:\/\/i0.wp.com\/mozaikowanie.pl\/wp-content\/uploads\/2016\/08\/landin.jpg?resize=300%2C300\" alt=\"landin\" width=\"300\" height=\"300\" srcset=\"https:\/\/i0.wp.com\/mozaikowanie.pl\/wp-content\/uploads\/2016\/08\/landin.jpg?w=300&amp;ssl=1 300w, https:\/\/i0.wp.com\/mozaikowanie.pl\/wp-content\/uploads\/2016\/08\/landin.jpg?resize=150%2C150&amp;ssl=1 150w\" sizes=\"auto, (max-width: 300px) 100vw, 300px\" \/><\/a><figcaption id=\"caption-attachment-1702\" class=\"wp-caption-text\">detal mozaiki &#8222;Land In&#8221;<\/figcaption><\/figure>\n<p>Mo\u017cecie dowiedzie\u0107 si\u0119 o mojej bohaterce wi\u0119cej na jej stronie internetowe<a href=\"http:\/\/www.justynabudzyn.pl\">j http:\/\/www.justynabudzyn.p<\/a>l oraz na profilu Facebookowym <a href=\"http:\/\/www.facebook.com\/PracowniaCeramikiWPodgorzu\/\">http:\/\/www.facebook.com\/PracowniaCeramikiWPodgorzu\/<\/a>,\u00a0nie b\u0119d\u0119 wi\u0119c tutaj przepisywa\u0107 informacji, kt\u00f3re tam mo\u017cecie przeczyta\u0107 w lepszej, oryginalnej wersji. Najwi\u0119cej zdj\u0119\u0107 prac znajdziecie na stronie FB Pracowni Ceramiki w Podg\u00f3rzu &#8211; odwied\u017acie j\u0105 koniecznie! \u00a0A niebawem napisz\u0119\u00a0wi\u0119cej o kursie mozaiki w S\u0142o\u0144sku.<\/p>\n","protected":false},"excerpt":{"rendered":"<p>O istnieniu Justyny Budzyn dowiedzia\u0142am si\u0119 szukaj\u0105c par\u0119 lat temu kurs\u00f3w mozaiki w Polsce. Internety podpowiedzia\u0142y, \u017ce jest kto\u015b, kto takie kursy robi, ale kursy odbywaj\u0105 si\u0119 w okolicach Szczecina, co wydawa\u0142o mi si\u0119 wtedy destynacj\u0105 zbyt odleg\u0142\u0105 na nauk\u0119 mozaiki (jak\u017ce naiwnie:)). Na\u00a0szcz\u0119\u015bcie nadrobi\u0142am ten b\u0142\u0105d, jad\u0105c w lipcu do S\u0142o\u0144ska na tygodniowe plenerowe &hellip; <a href=\"https:\/\/mozaikowanie.pl\/index.php\/2016\/08\/03\/przestrzenne-fascynacje-justyny-budzyn\/\" class=\"more-link\">Czytaj dalej <span class=\"screen-reader-text\">Przestrzenne fascynacje Justyny Budzyn<\/span> <span class=\"meta-nav\">&rarr;<\/span><\/a><\/p>\n","protected":false},"author":1,"featured_media":0,"comment_status":"open","ping_status":"open","sticky":false,"template":"","format":"standard","meta":{"jetpack_post_was_ever_published":false,"_jetpack_newsletter_access":"","_jetpack_dont_email_post_to_subs":true,"_jetpack_newsletter_tier_id":0,"_jetpack_memberships_contains_paywalled_content":false,"_jetpack_memberships_contains_paid_content":false,"footnotes":"","jetpack_publicize_message":"","jetpack_publicize_feature_enabled":true,"jetpack_social_post_already_shared":true,"jetpack_social_options":{"image_generator_settings":{"template":"highway","enabled":false},"version":2}},"categories":[2],"tags":[],"class_list":["post-1699","post","type-post","status-publish","format-standard","hentry","category-artysci"],"jetpack_publicize_connections":[],"aioseo_notices":[],"jetpack_featured_media_url":"","jetpack_sharing_enabled":true,"jetpack_shortlink":"https:\/\/wp.me\/p72G1w-rp","jetpack-related-posts":[],"_links":{"self":[{"href":"https:\/\/mozaikowanie.pl\/index.php\/wp-json\/wp\/v2\/posts\/1699","targetHints":{"allow":["GET"]}}],"collection":[{"href":"https:\/\/mozaikowanie.pl\/index.php\/wp-json\/wp\/v2\/posts"}],"about":[{"href":"https:\/\/mozaikowanie.pl\/index.php\/wp-json\/wp\/v2\/types\/post"}],"author":[{"embeddable":true,"href":"https:\/\/mozaikowanie.pl\/index.php\/wp-json\/wp\/v2\/users\/1"}],"replies":[{"embeddable":true,"href":"https:\/\/mozaikowanie.pl\/index.php\/wp-json\/wp\/v2\/comments?post=1699"}],"version-history":[{"count":27,"href":"https:\/\/mozaikowanie.pl\/index.php\/wp-json\/wp\/v2\/posts\/1699\/revisions"}],"predecessor-version":[{"id":1898,"href":"https:\/\/mozaikowanie.pl\/index.php\/wp-json\/wp\/v2\/posts\/1699\/revisions\/1898"}],"wp:attachment":[{"href":"https:\/\/mozaikowanie.pl\/index.php\/wp-json\/wp\/v2\/media?parent=1699"}],"wp:term":[{"taxonomy":"category","embeddable":true,"href":"https:\/\/mozaikowanie.pl\/index.php\/wp-json\/wp\/v2\/categories?post=1699"},{"taxonomy":"post_tag","embeddable":true,"href":"https:\/\/mozaikowanie.pl\/index.php\/wp-json\/wp\/v2\/tags?post=1699"}],"curies":[{"name":"wp","href":"https:\/\/api.w.org\/{rel}","templated":true}]}}