{"id":2202,"date":"2017-04-09T16:03:14","date_gmt":"2017-04-09T14:03:14","guid":{"rendered":"http:\/\/mozaikowanie.pl\/?p=2202"},"modified":"2017-04-09T16:32:24","modified_gmt":"2017-04-09T14:32:24","slug":"spotkanie-z-wanda-rodowicz","status":"publish","type":"post","link":"https:\/\/mozaikowanie.pl\/index.php\/2017\/04\/09\/spotkanie-z-wanda-rodowicz\/","title":{"rendered":"Kolejne spotkanie z Wand\u0105 Rodowicz"},"content":{"rendered":"<p>Pami\u0119tacie ubieg\u0142oroczny wpis o p. Wandzie Rodowicz:\u00a0<a href=\"http:\/\/mozaikowanie.pl\/index.php\/2016\/02\/11\/wanda-rodowicz-cz-1\/\">http:\/\/mozaikowanie.pl\/index.php\/2016\/02\/11\/wanda-rodowicz-cz-1\/<\/a>?\u00a0Dzisiaj mia\u0142am okazj\u0119 spotka\u0107 Pani\u0105 Wand\u0119 ponownie, podczas spotkania w<em> Kalinowym Sercu<\/em> na \u017boliborzu, w ramach cyklu &#8222;Z\u0142ota Setka \u017boliborzan&#8221;.<\/p>\n<figure id=\"attachment_2203\" aria-describedby=\"caption-attachment-2203\" style=\"width: 451px\" class=\"wp-caption alignnone\"><a href=\"https:\/\/i0.wp.com\/mozaikowanie.pl\/wp-content\/uploads\/2017\/04\/kalinowe_serce2.jpg\"><img data-recalc-dims=\"1\" loading=\"lazy\" decoding=\"async\" data-attachment-id=\"2203\" data-permalink=\"https:\/\/mozaikowanie.pl\/index.php\/2017\/04\/09\/spotkanie-z-wanda-rodowicz\/kalinowe_serce2\/\" data-orig-file=\"https:\/\/i0.wp.com\/mozaikowanie.pl\/wp-content\/uploads\/2017\/04\/kalinowe_serce2.jpg?fit=975%2C548&amp;ssl=1\" data-orig-size=\"975,548\" data-comments-opened=\"1\" data-image-meta=\"{&quot;aperture&quot;:&quot;0&quot;,&quot;credit&quot;:&quot;&quot;,&quot;camera&quot;:&quot;&quot;,&quot;caption&quot;:&quot;&quot;,&quot;created_timestamp&quot;:&quot;0&quot;,&quot;copyright&quot;:&quot;&quot;,&quot;focal_length&quot;:&quot;0&quot;,&quot;iso&quot;:&quot;0&quot;,&quot;shutter_speed&quot;:&quot;0&quot;,&quot;title&quot;:&quot;&quot;,&quot;orientation&quot;:&quot;0&quot;}\" data-image-title=\"kalinowe_serce2\" data-image-description=\"\" data-image-caption=\"\" data-medium-file=\"https:\/\/i0.wp.com\/mozaikowanie.pl\/wp-content\/uploads\/2017\/04\/kalinowe_serce2.jpg?fit=300%2C169&amp;ssl=1\" data-large-file=\"https:\/\/i0.wp.com\/mozaikowanie.pl\/wp-content\/uploads\/2017\/04\/kalinowe_serce2.jpg?fit=474%2C266&amp;ssl=1\" class=\"wp-image-2203\" src=\"https:\/\/i0.wp.com\/mozaikowanie.pl\/wp-content\/uploads\/2017\/04\/kalinowe_serce2-300x169.jpg?resize=451%2C254\" alt=\"\" width=\"451\" height=\"254\" srcset=\"https:\/\/i0.wp.com\/mozaikowanie.pl\/wp-content\/uploads\/2017\/04\/kalinowe_serce2.jpg?resize=300%2C169&amp;ssl=1 300w, https:\/\/i0.wp.com\/mozaikowanie.pl\/wp-content\/uploads\/2017\/04\/kalinowe_serce2.jpg?resize=768%2C432&amp;ssl=1 768w, https:\/\/i0.wp.com\/mozaikowanie.pl\/wp-content\/uploads\/2017\/04\/kalinowe_serce2.jpg?w=975&amp;ssl=1 975w\" sizes=\"auto, (max-width: 451px) 100vw, 451px\" \/><\/a><figcaption id=\"caption-attachment-2203\" class=\"wp-caption-text\">Wanda Rodowicz i prowadz\u0105cy spotkanie Zbigniew Dzi\u0119giel, Kalinowe Serce 9 kwietnia 2017<\/figcaption><\/figure>\n<p><!--more--><\/p>\n<p>By\u0142o troch\u0119 opowie\u015bci rodzinnych i troch\u0119 mozaikowych. W Kalinowym Sercu mogli\u015bmy podziwia\u0107 kilka prac Artystki:<\/p>\n<figure id=\"attachment_2207\" aria-describedby=\"caption-attachment-2207\" style=\"width: 408px\" class=\"wp-caption alignnone\"><a href=\"https:\/\/i0.wp.com\/mozaikowanie.pl\/wp-content\/uploads\/2017\/04\/moz2.jpg\"><img data-recalc-dims=\"1\" loading=\"lazy\" decoding=\"async\" data-attachment-id=\"2207\" data-permalink=\"https:\/\/mozaikowanie.pl\/index.php\/2017\/04\/09\/spotkanie-z-wanda-rodowicz\/moz2\/\" data-orig-file=\"https:\/\/i0.wp.com\/mozaikowanie.pl\/wp-content\/uploads\/2017\/04\/moz2.jpg?fit=975%2C548&amp;ssl=1\" data-orig-size=\"975,548\" data-comments-opened=\"1\" data-image-meta=\"{&quot;aperture&quot;:&quot;0&quot;,&quot;credit&quot;:&quot;&quot;,&quot;camera&quot;:&quot;&quot;,&quot;caption&quot;:&quot;&quot;,&quot;created_timestamp&quot;:&quot;0&quot;,&quot;copyright&quot;:&quot;&quot;,&quot;focal_length&quot;:&quot;0&quot;,&quot;iso&quot;:&quot;0&quot;,&quot;shutter_speed&quot;:&quot;0&quot;,&quot;title&quot;:&quot;&quot;,&quot;orientation&quot;:&quot;0&quot;}\" data-image-title=\"moz2\" data-image-description=\"\" data-image-caption=\"\" data-medium-file=\"https:\/\/i0.wp.com\/mozaikowanie.pl\/wp-content\/uploads\/2017\/04\/moz2.jpg?fit=300%2C169&amp;ssl=1\" data-large-file=\"https:\/\/i0.wp.com\/mozaikowanie.pl\/wp-content\/uploads\/2017\/04\/moz2.jpg?fit=474%2C266&amp;ssl=1\" class=\"wp-image-2207\" src=\"https:\/\/i0.wp.com\/mozaikowanie.pl\/wp-content\/uploads\/2017\/04\/moz2-300x169.jpg?resize=408%2C230\" alt=\"\" width=\"408\" height=\"230\" srcset=\"https:\/\/i0.wp.com\/mozaikowanie.pl\/wp-content\/uploads\/2017\/04\/moz2.jpg?resize=300%2C169&amp;ssl=1 300w, https:\/\/i0.wp.com\/mozaikowanie.pl\/wp-content\/uploads\/2017\/04\/moz2.jpg?resize=768%2C432&amp;ssl=1 768w, https:\/\/i0.wp.com\/mozaikowanie.pl\/wp-content\/uploads\/2017\/04\/moz2.jpg?w=975&amp;ssl=1 975w\" sizes=\"auto, (max-width: 408px) 100vw, 408px\" \/><\/a><figcaption id=\"caption-attachment-2207\" class=\"wp-caption-text\">Pikselowy &#8222;Autoportet srebrny&#8221; Wandy Rodowicz<\/figcaption><\/figure>\n<figure id=\"attachment_2208\" aria-describedby=\"caption-attachment-2208\" style=\"width: 407px\" class=\"wp-caption alignnone\"><a href=\"https:\/\/i0.wp.com\/mozaikowanie.pl\/wp-content\/uploads\/2017\/04\/autop.jpg\"><img data-recalc-dims=\"1\" loading=\"lazy\" decoding=\"async\" data-attachment-id=\"2208\" data-permalink=\"https:\/\/mozaikowanie.pl\/index.php\/2017\/04\/09\/spotkanie-z-wanda-rodowicz\/autop\/\" data-orig-file=\"https:\/\/i0.wp.com\/mozaikowanie.pl\/wp-content\/uploads\/2017\/04\/autop.jpg?fit=975%2C548&amp;ssl=1\" data-orig-size=\"975,548\" data-comments-opened=\"1\" data-image-meta=\"{&quot;aperture&quot;:&quot;0&quot;,&quot;credit&quot;:&quot;&quot;,&quot;camera&quot;:&quot;&quot;,&quot;caption&quot;:&quot;&quot;,&quot;created_timestamp&quot;:&quot;0&quot;,&quot;copyright&quot;:&quot;&quot;,&quot;focal_length&quot;:&quot;0&quot;,&quot;iso&quot;:&quot;0&quot;,&quot;shutter_speed&quot;:&quot;0&quot;,&quot;title&quot;:&quot;&quot;,&quot;orientation&quot;:&quot;0&quot;}\" data-image-title=\"autop\" data-image-description=\"\" data-image-caption=\"\" data-medium-file=\"https:\/\/i0.wp.com\/mozaikowanie.pl\/wp-content\/uploads\/2017\/04\/autop.jpg?fit=300%2C169&amp;ssl=1\" data-large-file=\"https:\/\/i0.wp.com\/mozaikowanie.pl\/wp-content\/uploads\/2017\/04\/autop.jpg?fit=474%2C266&amp;ssl=1\" class=\"wp-image-2208\" src=\"https:\/\/i0.wp.com\/mozaikowanie.pl\/wp-content\/uploads\/2017\/04\/autop-300x169.jpg?resize=407%2C229\" alt=\"\" width=\"407\" height=\"229\" srcset=\"https:\/\/i0.wp.com\/mozaikowanie.pl\/wp-content\/uploads\/2017\/04\/autop.jpg?resize=300%2C169&amp;ssl=1 300w, https:\/\/i0.wp.com\/mozaikowanie.pl\/wp-content\/uploads\/2017\/04\/autop.jpg?resize=768%2C432&amp;ssl=1 768w, https:\/\/i0.wp.com\/mozaikowanie.pl\/wp-content\/uploads\/2017\/04\/autop.jpg?w=975&amp;ssl=1 975w\" sizes=\"auto, (max-width: 407px) 100vw, 407px\" \/><\/a><figcaption id=\"caption-attachment-2208\" class=\"wp-caption-text\">&#8222;Autoportret Br\u0105zowy&#8221; Wandy Rodowicz<\/figcaption><\/figure>\n<p>W powy\u017cszych portretach mo\u017cna rozpozna\u0107 ceramiki kwiecistego mistrza Jana Misiaka z Wawra, o kt\u00f3rym p. Wanda opowiada\u0142a, \u017ce by\u0142 rzemie\u015blniczym artyst\u0105, aczkolwiek dotrzymywanie termin\u00f3w nie by\u0142o jego mocn\u0105 stron\u0105. \u00a0\u015aci\u0105gany z \u0142\u00f3\u017cka przez jego &#8222;klientki&#8221; czyli artystki Wand\u0119 Rodowicz i Ew\u0119 Kulesz\u0119 na szanta\u017c &#8222;ja Pana zamorduj\u0119&#8221; odpowiada\u0142 &#8222;A ja Pani\u0105 o\u017ceni\u0119!&#8221; i przekr\u0119ca\u0142 si\u0119 na drugi bok. \u017bycie artysty nie jest us\u0142ane r\u00f3\u017cami.<\/p>\n<figure id=\"attachment_2205\" aria-describedby=\"caption-attachment-2205\" style=\"width: 414px\" class=\"wp-caption alignnone\"><a href=\"https:\/\/i0.wp.com\/mozaikowanie.pl\/wp-content\/uploads\/2017\/04\/kal2.jpg\"><img data-recalc-dims=\"1\" loading=\"lazy\" decoding=\"async\" data-attachment-id=\"2205\" data-permalink=\"https:\/\/mozaikowanie.pl\/index.php\/2017\/04\/09\/spotkanie-z-wanda-rodowicz\/kal2\/\" data-orig-file=\"https:\/\/i0.wp.com\/mozaikowanie.pl\/wp-content\/uploads\/2017\/04\/kal2.jpg?fit=975%2C548&amp;ssl=1\" data-orig-size=\"975,548\" data-comments-opened=\"1\" data-image-meta=\"{&quot;aperture&quot;:&quot;0&quot;,&quot;credit&quot;:&quot;&quot;,&quot;camera&quot;:&quot;&quot;,&quot;caption&quot;:&quot;&quot;,&quot;created_timestamp&quot;:&quot;0&quot;,&quot;copyright&quot;:&quot;&quot;,&quot;focal_length&quot;:&quot;0&quot;,&quot;iso&quot;:&quot;0&quot;,&quot;shutter_speed&quot;:&quot;0&quot;,&quot;title&quot;:&quot;&quot;,&quot;orientation&quot;:&quot;0&quot;}\" data-image-title=\"kal2\" data-image-description=\"\" data-image-caption=\"\" data-medium-file=\"https:\/\/i0.wp.com\/mozaikowanie.pl\/wp-content\/uploads\/2017\/04\/kal2.jpg?fit=300%2C169&amp;ssl=1\" data-large-file=\"https:\/\/i0.wp.com\/mozaikowanie.pl\/wp-content\/uploads\/2017\/04\/kal2.jpg?fit=474%2C266&amp;ssl=1\" class=\"wp-image-2205\" src=\"https:\/\/i0.wp.com\/mozaikowanie.pl\/wp-content\/uploads\/2017\/04\/kal2-300x169.jpg?resize=414%2C233\" alt=\"\" width=\"414\" height=\"233\" srcset=\"https:\/\/i0.wp.com\/mozaikowanie.pl\/wp-content\/uploads\/2017\/04\/kal2.jpg?resize=300%2C169&amp;ssl=1 300w, https:\/\/i0.wp.com\/mozaikowanie.pl\/wp-content\/uploads\/2017\/04\/kal2.jpg?resize=768%2C432&amp;ssl=1 768w, https:\/\/i0.wp.com\/mozaikowanie.pl\/wp-content\/uploads\/2017\/04\/kal2.jpg?w=975&amp;ssl=1 975w\" sizes=\"auto, (max-width: 414px) 100vw, 414px\" \/><\/a><figcaption id=\"caption-attachment-2205\" class=\"wp-caption-text\">mozaika Wandy Rodowicz, marmur i ceramika<\/figcaption><\/figure>\n<figure id=\"attachment_2204\" aria-describedby=\"caption-attachment-2204\" style=\"width: 417px\" class=\"wp-caption alignnone\"><a href=\"https:\/\/i0.wp.com\/mozaikowanie.pl\/wp-content\/uploads\/2017\/04\/kal.jpg\"><img data-recalc-dims=\"1\" loading=\"lazy\" decoding=\"async\" data-attachment-id=\"2204\" data-permalink=\"https:\/\/mozaikowanie.pl\/index.php\/2017\/04\/09\/spotkanie-z-wanda-rodowicz\/kal\/\" data-orig-file=\"https:\/\/i0.wp.com\/mozaikowanie.pl\/wp-content\/uploads\/2017\/04\/kal.jpg?fit=975%2C548&amp;ssl=1\" data-orig-size=\"975,548\" data-comments-opened=\"1\" data-image-meta=\"{&quot;aperture&quot;:&quot;0&quot;,&quot;credit&quot;:&quot;&quot;,&quot;camera&quot;:&quot;&quot;,&quot;caption&quot;:&quot;&quot;,&quot;created_timestamp&quot;:&quot;0&quot;,&quot;copyright&quot;:&quot;&quot;,&quot;focal_length&quot;:&quot;0&quot;,&quot;iso&quot;:&quot;0&quot;,&quot;shutter_speed&quot;:&quot;0&quot;,&quot;title&quot;:&quot;&quot;,&quot;orientation&quot;:&quot;0&quot;}\" data-image-title=\"kal\" data-image-description=\"\" data-image-caption=\"\" data-medium-file=\"https:\/\/i0.wp.com\/mozaikowanie.pl\/wp-content\/uploads\/2017\/04\/kal.jpg?fit=300%2C169&amp;ssl=1\" data-large-file=\"https:\/\/i0.wp.com\/mozaikowanie.pl\/wp-content\/uploads\/2017\/04\/kal.jpg?fit=474%2C266&amp;ssl=1\" class=\"wp-image-2204\" src=\"https:\/\/i0.wp.com\/mozaikowanie.pl\/wp-content\/uploads\/2017\/04\/kal-300x169.jpg?resize=417%2C235\" alt=\"\" width=\"417\" height=\"235\" srcset=\"https:\/\/i0.wp.com\/mozaikowanie.pl\/wp-content\/uploads\/2017\/04\/kal.jpg?resize=300%2C169&amp;ssl=1 300w, https:\/\/i0.wp.com\/mozaikowanie.pl\/wp-content\/uploads\/2017\/04\/kal.jpg?resize=768%2C432&amp;ssl=1 768w, https:\/\/i0.wp.com\/mozaikowanie.pl\/wp-content\/uploads\/2017\/04\/kal.jpg?w=975&amp;ssl=1 975w\" sizes=\"auto, (max-width: 417px) 100vw, 417px\" \/><\/a><figcaption id=\"caption-attachment-2204\" class=\"wp-caption-text\">w centrum praca Wandy Rodowicz, po lewej prace uczestnik\u00f3w warsztat\u00f3w mozaikowych dla dzieci<\/figcaption><\/figure>\n<p>Atmosfera spotkania by\u0142a przemi\u0142a, psu\u0142 j\u0105 tylko jeden w\u0105tek, kt\u00f3ry si\u0119 pojawi\u0142, a mianowicie brak szacunku w\u0142a\u015bcicieli budynk\u00f3w, w kt\u00f3rych s\u0105 mozaiki, dla tych prac. Pani Wanda opisywa\u0142a kilka przypadk\u00f3w niszczenia jej mozaik, ale kompletnie zmrozi\u0142a mnie informacja, \u017ce ma by\u0107 zburzony budynek na rogu ulic Zgoda i Przeskok, gdzie znajduje si\u0119 moja ulubiona mozaika Wandy Rodowicz i Ewy Kuleszy, o kt\u00f3rej pisa\u0142am we wcze\u015bniejszym po\u015bcie, a kt\u00f3rej fragment tutaj Wam przypomn\u0119:<\/p>\n<p><a href=\"https:\/\/i0.wp.com\/mozaikowanie.pl\/wp-content\/uploads\/2017\/04\/kon.jpg\"><img data-recalc-dims=\"1\" loading=\"lazy\" decoding=\"async\" data-attachment-id=\"2209\" data-permalink=\"https:\/\/mozaikowanie.pl\/index.php\/2017\/04\/09\/spotkanie-z-wanda-rodowicz\/kon-2\/\" data-orig-file=\"https:\/\/i0.wp.com\/mozaikowanie.pl\/wp-content\/uploads\/2017\/04\/kon.jpg?fit=975%2C548&amp;ssl=1\" data-orig-size=\"975,548\" data-comments-opened=\"1\" data-image-meta=\"{&quot;aperture&quot;:&quot;0&quot;,&quot;credit&quot;:&quot;&quot;,&quot;camera&quot;:&quot;&quot;,&quot;caption&quot;:&quot;&quot;,&quot;created_timestamp&quot;:&quot;0&quot;,&quot;copyright&quot;:&quot;&quot;,&quot;focal_length&quot;:&quot;0&quot;,&quot;iso&quot;:&quot;0&quot;,&quot;shutter_speed&quot;:&quot;0&quot;,&quot;title&quot;:&quot;&quot;,&quot;orientation&quot;:&quot;0&quot;}\" data-image-title=\"kon\" data-image-description=\"\" data-image-caption=\"\" data-medium-file=\"https:\/\/i0.wp.com\/mozaikowanie.pl\/wp-content\/uploads\/2017\/04\/kon.jpg?fit=300%2C169&amp;ssl=1\" data-large-file=\"https:\/\/i0.wp.com\/mozaikowanie.pl\/wp-content\/uploads\/2017\/04\/kon.jpg?fit=474%2C266&amp;ssl=1\" class=\"alignnone wp-image-2209\" src=\"https:\/\/i0.wp.com\/mozaikowanie.pl\/wp-content\/uploads\/2017\/04\/kon-300x169.jpg?resize=444%2C250\" alt=\"\" width=\"444\" height=\"250\" srcset=\"https:\/\/i0.wp.com\/mozaikowanie.pl\/wp-content\/uploads\/2017\/04\/kon.jpg?resize=300%2C169&amp;ssl=1 300w, https:\/\/i0.wp.com\/mozaikowanie.pl\/wp-content\/uploads\/2017\/04\/kon.jpg?resize=768%2C432&amp;ssl=1 768w, https:\/\/i0.wp.com\/mozaikowanie.pl\/wp-content\/uploads\/2017\/04\/kon.jpg?w=975&amp;ssl=1 975w\" sizes=\"auto, (max-width: 444px) 100vw, 444px\" \/><\/a><\/p>\n<p>Dla mnie jest to najpi\u0119kniejsza warszawska mozaika w og\u00f3le i je\u015bli prawd\u0105 jest to, \u017ce budynek ma zosta\u0107 zniszczony, to mozaik\u0119 trzeba uratowa\u0107. Nie wiem jeszcze, jak to zrobimy, ale&#8230; zrobimy.<\/p>\n","protected":false},"excerpt":{"rendered":"<p>Pami\u0119tacie ubieg\u0142oroczny wpis o p. Wandzie Rodowicz:\u00a0http:\/\/mozaikowanie.pl\/index.php\/2016\/02\/11\/wanda-rodowicz-cz-1\/?\u00a0Dzisiaj mia\u0142am okazj\u0119 spotka\u0107 Pani\u0105 Wand\u0119 ponownie, podczas spotkania w Kalinowym Sercu na \u017boliborzu, w ramach cyklu &#8222;Z\u0142ota Setka \u017boliborzan&#8221;.<\/p>\n","protected":false},"author":1,"featured_media":0,"comment_status":"open","ping_status":"open","sticky":false,"template":"","format":"standard","meta":{"jetpack_post_was_ever_published":false,"_jetpack_newsletter_access":"","_jetpack_dont_email_post_to_subs":true,"_jetpack_newsletter_tier_id":0,"_jetpack_memberships_contains_paywalled_content":false,"_jetpack_memberships_contains_paid_content":false,"footnotes":"","jetpack_publicize_message":"","jetpack_publicize_feature_enabled":true,"jetpack_social_post_already_shared":true,"jetpack_social_options":{"image_generator_settings":{"template":"highway","enabled":false},"version":2}},"categories":[2],"tags":[],"class_list":["post-2202","post","type-post","status-publish","format-standard","hentry","category-artysci"],"jetpack_publicize_connections":[],"aioseo_notices":[],"jetpack_featured_media_url":"","jetpack_sharing_enabled":true,"jetpack_shortlink":"https:\/\/wp.me\/p72G1w-zw","jetpack-related-posts":[],"_links":{"self":[{"href":"https:\/\/mozaikowanie.pl\/index.php\/wp-json\/wp\/v2\/posts\/2202","targetHints":{"allow":["GET"]}}],"collection":[{"href":"https:\/\/mozaikowanie.pl\/index.php\/wp-json\/wp\/v2\/posts"}],"about":[{"href":"https:\/\/mozaikowanie.pl\/index.php\/wp-json\/wp\/v2\/types\/post"}],"author":[{"embeddable":true,"href":"https:\/\/mozaikowanie.pl\/index.php\/wp-json\/wp\/v2\/users\/1"}],"replies":[{"embeddable":true,"href":"https:\/\/mozaikowanie.pl\/index.php\/wp-json\/wp\/v2\/comments?post=2202"}],"version-history":[{"count":4,"href":"https:\/\/mozaikowanie.pl\/index.php\/wp-json\/wp\/v2\/posts\/2202\/revisions"}],"predecessor-version":[{"id":2212,"href":"https:\/\/mozaikowanie.pl\/index.php\/wp-json\/wp\/v2\/posts\/2202\/revisions\/2212"}],"wp:attachment":[{"href":"https:\/\/mozaikowanie.pl\/index.php\/wp-json\/wp\/v2\/media?parent=2202"}],"wp:term":[{"taxonomy":"category","embeddable":true,"href":"https:\/\/mozaikowanie.pl\/index.php\/wp-json\/wp\/v2\/categories?post=2202"},{"taxonomy":"post_tag","embeddable":true,"href":"https:\/\/mozaikowanie.pl\/index.php\/wp-json\/wp\/v2\/tags?post=2202"}],"curies":[{"name":"wp","href":"https:\/\/api.w.org\/{rel}","templated":true}]}}