{"id":2257,"date":"2017-05-31T18:18:58","date_gmt":"2017-05-31T16:18:58","guid":{"rendered":"http:\/\/mozaikowanie.pl\/?p=2257"},"modified":"2017-05-31T18:18:58","modified_gmt":"2017-05-31T16:18:58","slug":"mozaiki-w-brukseli-dzielnica-magrittea","status":"publish","type":"post","link":"https:\/\/mozaikowanie.pl\/index.php\/2017\/05\/31\/mozaiki-w-brukseli-dzielnica-magrittea\/","title":{"rendered":"Mozaiki w Brukseli &#8211; dzielnica Magritte&#8217;a"},"content":{"rendered":"<p>W mojej skomplikowanej relacji z surrealizmem Ren\u00e9 Magritte jest artyst\u0105 wyj\u0105tkowym, poniewa\u017c nie mam \u017cadnej w\u0105tpliwo\u015bci, \u017ce gdybym tylko mog\u0142a sobie na to pozwoli\u0107 (taaaak&#8230;), jego dzie\u0142a wisia\u0142yby w ka\u017cdym pomieszczeniu w moim mieszkaniu.<\/p>\n<p>Jaka\u017c wi\u0119c by\u0142a moja rado\u015b\u0107, kiedy okaza\u0142o si\u0119, \u017ce b\u0119d\u0119 mog\u0142a o nim napisa\u0107 na blogu ze wzgl\u0119du na &#8230; mozaiki. Obawiam si\u0119, \u017ce sam Magritte z\u00a0 mozaikami nie mia\u0142 wiele wsp\u00f3lnego, raczej tworzy\u0142 i dobrze si\u0119 bawi\u0142 w kr\u0119gu dadaist\u00f3w i surrealist\u00f3w, a kiedy nie zajmowa\u0142 si\u0119 malarstwem, to np. \u00a0robi\u0142 dla szybkich pieni\u0119dzy nie mozaiki, a reklamy, co pozwala\u0142o mu robi\u0107 sztuk\u0119, jak\u0105 chcia\u0142.<\/p>\n<p><a href=\"https:\/\/i0.wp.com\/mozaikowanie.pl\/wp-content\/uploads\/2017\/05\/IMG_20170528_195805.jpg\"><img data-recalc-dims=\"1\" loading=\"lazy\" decoding=\"async\" data-attachment-id=\"2259\" data-permalink=\"https:\/\/mozaikowanie.pl\/index.php\/2017\/05\/31\/mozaiki-w-brukseli-dzielnica-magrittea\/img_20170528_195805\/\" data-orig-file=\"https:\/\/i0.wp.com\/mozaikowanie.pl\/wp-content\/uploads\/2017\/05\/IMG_20170528_195805.jpg?fit=917%2C960&amp;ssl=1\" data-orig-size=\"917,960\" data-comments-opened=\"1\" data-image-meta=\"{&quot;aperture&quot;:&quot;0&quot;,&quot;credit&quot;:&quot;&quot;,&quot;camera&quot;:&quot;&quot;,&quot;caption&quot;:&quot;&quot;,&quot;created_timestamp&quot;:&quot;0&quot;,&quot;copyright&quot;:&quot;&quot;,&quot;focal_length&quot;:&quot;0&quot;,&quot;iso&quot;:&quot;0&quot;,&quot;shutter_speed&quot;:&quot;0&quot;,&quot;title&quot;:&quot;&quot;,&quot;orientation&quot;:&quot;0&quot;}\" data-image-title=\"IMG_20170528_195805\" data-image-description=\"\" data-image-caption=\"\" data-medium-file=\"https:\/\/i0.wp.com\/mozaikowanie.pl\/wp-content\/uploads\/2017\/05\/IMG_20170528_195805.jpg?fit=287%2C300&amp;ssl=1\" data-large-file=\"https:\/\/i0.wp.com\/mozaikowanie.pl\/wp-content\/uploads\/2017\/05\/IMG_20170528_195805.jpg?fit=474%2C496&amp;ssl=1\" class=\"alignnone wp-image-2259\" src=\"https:\/\/i0.wp.com\/mozaikowanie.pl\/wp-content\/uploads\/2017\/05\/IMG_20170528_195805-287x300.jpg?resize=230%2C240\" alt=\"\" width=\"230\" height=\"240\" srcset=\"https:\/\/i0.wp.com\/mozaikowanie.pl\/wp-content\/uploads\/2017\/05\/IMG_20170528_195805.jpg?resize=287%2C300&amp;ssl=1 287w, https:\/\/i0.wp.com\/mozaikowanie.pl\/wp-content\/uploads\/2017\/05\/IMG_20170528_195805.jpg?resize=768%2C804&amp;ssl=1 768w, https:\/\/i0.wp.com\/mozaikowanie.pl\/wp-content\/uploads\/2017\/05\/IMG_20170528_195805.jpg?w=917&amp;ssl=1 917w\" sizes=\"auto, (max-width: 230px) 100vw, 230px\" \/><\/a>\u00a0\u00a0<a href=\"https:\/\/i0.wp.com\/mozaikowanie.pl\/wp-content\/uploads\/2017\/05\/IMG_20170529_101002.jpg\"><img data-recalc-dims=\"1\" loading=\"lazy\" decoding=\"async\" data-attachment-id=\"2285\" data-permalink=\"https:\/\/mozaikowanie.pl\/index.php\/2017\/05\/31\/mozaiki-w-brukseli-dzielnica-magrittea\/img_20170529_101002\/\" data-orig-file=\"https:\/\/i0.wp.com\/mozaikowanie.pl\/wp-content\/uploads\/2017\/05\/IMG_20170529_101002.jpg?fit=943%2C960&amp;ssl=1\" data-orig-size=\"943,960\" data-comments-opened=\"1\" data-image-meta=\"{&quot;aperture&quot;:&quot;0&quot;,&quot;credit&quot;:&quot;&quot;,&quot;camera&quot;:&quot;&quot;,&quot;caption&quot;:&quot;&quot;,&quot;created_timestamp&quot;:&quot;0&quot;,&quot;copyright&quot;:&quot;&quot;,&quot;focal_length&quot;:&quot;0&quot;,&quot;iso&quot;:&quot;0&quot;,&quot;shutter_speed&quot;:&quot;0&quot;,&quot;title&quot;:&quot;&quot;,&quot;orientation&quot;:&quot;0&quot;}\" data-image-title=\"IMG_20170529_101002\" data-image-description=\"\" data-image-caption=\"\" data-medium-file=\"https:\/\/i0.wp.com\/mozaikowanie.pl\/wp-content\/uploads\/2017\/05\/IMG_20170529_101002.jpg?fit=295%2C300&amp;ssl=1\" data-large-file=\"https:\/\/i0.wp.com\/mozaikowanie.pl\/wp-content\/uploads\/2017\/05\/IMG_20170529_101002.jpg?fit=474%2C483&amp;ssl=1\" class=\"alignnone  wp-image-2285\" src=\"https:\/\/i0.wp.com\/mozaikowanie.pl\/wp-content\/uploads\/2017\/05\/IMG_20170529_101002-295x300.jpg?resize=236%2C240\" alt=\"\" width=\"236\" height=\"240\" srcset=\"https:\/\/i0.wp.com\/mozaikowanie.pl\/wp-content\/uploads\/2017\/05\/IMG_20170529_101002.jpg?resize=295%2C300&amp;ssl=1 295w, https:\/\/i0.wp.com\/mozaikowanie.pl\/wp-content\/uploads\/2017\/05\/IMG_20170529_101002.jpg?resize=768%2C782&amp;ssl=1 768w, https:\/\/i0.wp.com\/mozaikowanie.pl\/wp-content\/uploads\/2017\/05\/IMG_20170529_101002.jpg?w=943&amp;ssl=1 943w\" sizes=\"auto, (max-width: 236px) 100vw, 236px\" \/><\/a><\/p>\n<p><!--more-->Sk\u0105d wi\u0119c mozaiki w kontek\u015bcie Ren\u00e9 Magritte\u2019a? Ano st\u0105d, \u017ce w brukselskiej dzielnicy Jetta, zrealizowany zosta\u0142 projekt spo\u0142eczny, kt\u00f3ry poprzez mozaik\u0119 mia\u0142 przybli\u017cy\u0107 mieszka\u0144com dzielnicy s\u0142ynnego s\u0105siada. Ren\u00e9 Magritte wraz z \u017con\u0105 mieszkali na ulicy Esseghem 135 od 1930 do 1954 roku, czyli przez najbardziej tw\u00f3rcze 24 lata \u017cycia Magritte\u2019a.<\/p>\n<figure id=\"attachment_2262\" aria-describedby=\"caption-attachment-2262\" style=\"width: 317px\" class=\"wp-caption alignnone\"><a href=\"https:\/\/i0.wp.com\/mozaikowanie.pl\/wp-content\/uploads\/2017\/05\/IMG_20170526_132626.jpg\"><img data-recalc-dims=\"1\" loading=\"lazy\" decoding=\"async\" data-attachment-id=\"2262\" data-permalink=\"https:\/\/mozaikowanie.pl\/index.php\/2017\/05\/31\/mozaiki-w-brukseli-dzielnica-magrittea\/img_20170526_132626\/\" data-orig-file=\"https:\/\/i0.wp.com\/mozaikowanie.pl\/wp-content\/uploads\/2017\/05\/IMG_20170526_132626.jpg?fit=720%2C960&amp;ssl=1\" data-orig-size=\"720,960\" data-comments-opened=\"1\" data-image-meta=\"{&quot;aperture&quot;:&quot;0&quot;,&quot;credit&quot;:&quot;&quot;,&quot;camera&quot;:&quot;&quot;,&quot;caption&quot;:&quot;&quot;,&quot;created_timestamp&quot;:&quot;0&quot;,&quot;copyright&quot;:&quot;&quot;,&quot;focal_length&quot;:&quot;0&quot;,&quot;iso&quot;:&quot;0&quot;,&quot;shutter_speed&quot;:&quot;0&quot;,&quot;title&quot;:&quot;&quot;,&quot;orientation&quot;:&quot;0&quot;}\" data-image-title=\"IMG_20170526_132626\" data-image-description=\"\" data-image-caption=\"\" data-medium-file=\"https:\/\/i0.wp.com\/mozaikowanie.pl\/wp-content\/uploads\/2017\/05\/IMG_20170526_132626.jpg?fit=225%2C300&amp;ssl=1\" data-large-file=\"https:\/\/i0.wp.com\/mozaikowanie.pl\/wp-content\/uploads\/2017\/05\/IMG_20170526_132626.jpg?fit=474%2C632&amp;ssl=1\" class=\"wp-image-2262\" src=\"https:\/\/i0.wp.com\/mozaikowanie.pl\/wp-content\/uploads\/2017\/05\/IMG_20170526_132626-225x300.jpg?resize=317%2C423\" alt=\"\" width=\"317\" height=\"423\" srcset=\"https:\/\/i0.wp.com\/mozaikowanie.pl\/wp-content\/uploads\/2017\/05\/IMG_20170526_132626.jpg?resize=225%2C300&amp;ssl=1 225w, https:\/\/i0.wp.com\/mozaikowanie.pl\/wp-content\/uploads\/2017\/05\/IMG_20170526_132626.jpg?w=720&amp;ssl=1 720w\" sizes=\"auto, (max-width: 317px) 100vw, 317px\" \/><\/a><figcaption id=\"caption-attachment-2262\" class=\"wp-caption-text\">muzeum Magritte&#8217;a przy ulicy Esseghem, widok od strony studio w ogrodzie<\/figcaption><\/figure>\n<p>Dzisiaj w budynku pod tym adresem mie\u015bci si\u0119 muzeum artysty <a href=\"http:\/\/www.magrittemuseum.be\/\">http:\/\/www.magrittemuseum.be\/<\/a>, kt\u00f3rego parter zajmuje jego mieszkanie odtworzone na podstawie zdj\u0119\u0107 i opowie\u015bci os\u00f3b, kt\u00f3re je pami\u0119ta\u0142y. \u00a0Id\u0105cych ulic\u0105 zaprasza do odwiedzenia muzeum\u00a0jedna z mozaik powsta\u0142ych w ramach projektu:<\/p>\n<figure id=\"attachment_2260\" aria-describedby=\"caption-attachment-2260\" style=\"width: 440px\" class=\"wp-caption alignnone\"><a href=\"https:\/\/i0.wp.com\/mozaikowanie.pl\/wp-content\/uploads\/2017\/05\/IMG_20170526_132051.jpg\"><img data-recalc-dims=\"1\" loading=\"lazy\" decoding=\"async\" data-attachment-id=\"2260\" data-permalink=\"https:\/\/mozaikowanie.pl\/index.php\/2017\/05\/31\/mozaiki-w-brukseli-dzielnica-magrittea\/img_20170526_132051\/\" data-orig-file=\"https:\/\/i0.wp.com\/mozaikowanie.pl\/wp-content\/uploads\/2017\/05\/IMG_20170526_132051.jpg?fit=960%2C720&amp;ssl=1\" data-orig-size=\"960,720\" data-comments-opened=\"1\" data-image-meta=\"{&quot;aperture&quot;:&quot;0&quot;,&quot;credit&quot;:&quot;&quot;,&quot;camera&quot;:&quot;&quot;,&quot;caption&quot;:&quot;&quot;,&quot;created_timestamp&quot;:&quot;0&quot;,&quot;copyright&quot;:&quot;&quot;,&quot;focal_length&quot;:&quot;0&quot;,&quot;iso&quot;:&quot;0&quot;,&quot;shutter_speed&quot;:&quot;0&quot;,&quot;title&quot;:&quot;&quot;,&quot;orientation&quot;:&quot;0&quot;}\" data-image-title=\"IMG_20170526_132051\" data-image-description=\"\" data-image-caption=\"\" data-medium-file=\"https:\/\/i0.wp.com\/mozaikowanie.pl\/wp-content\/uploads\/2017\/05\/IMG_20170526_132051.jpg?fit=300%2C225&amp;ssl=1\" data-large-file=\"https:\/\/i0.wp.com\/mozaikowanie.pl\/wp-content\/uploads\/2017\/05\/IMG_20170526_132051.jpg?fit=474%2C356&amp;ssl=1\" class=\"wp-image-2260\" src=\"https:\/\/i0.wp.com\/mozaikowanie.pl\/wp-content\/uploads\/2017\/05\/IMG_20170526_132051-300x225.jpg?resize=440%2C330\" alt=\"\" width=\"440\" height=\"330\" srcset=\"https:\/\/i0.wp.com\/mozaikowanie.pl\/wp-content\/uploads\/2017\/05\/IMG_20170526_132051.jpg?resize=300%2C225&amp;ssl=1 300w, https:\/\/i0.wp.com\/mozaikowanie.pl\/wp-content\/uploads\/2017\/05\/IMG_20170526_132051.jpg?resize=768%2C576&amp;ssl=1 768w, https:\/\/i0.wp.com\/mozaikowanie.pl\/wp-content\/uploads\/2017\/05\/IMG_20170526_132051.jpg?w=960&amp;ssl=1 960w\" sizes=\"auto, (max-width: 440px) 100vw, 440px\" \/><\/a><figcaption id=\"caption-attachment-2260\" class=\"wp-caption-text\">mozaika na murze domu przy ulicy Esseghem 147<\/figcaption><\/figure>\n<p>W muzeum jest wiele przedmiot\u00f3w znanych z obraz\u00f3w Magritte\u2019a, w\u0142\u0105cznie z nie\u015bmiertelnym melonikiem, kt\u00f3ry zosta\u0142 te\u017c bohaterem jednej z mozaik.<\/p>\n<figure id=\"attachment_2277\" aria-describedby=\"caption-attachment-2277\" style=\"width: 388px\" class=\"wp-caption alignnone\"><a href=\"https:\/\/i0.wp.com\/mozaikowanie.pl\/wp-content\/uploads\/2017\/05\/IMG_20170530_121650.jpg\"><img data-recalc-dims=\"1\" loading=\"lazy\" decoding=\"async\" data-attachment-id=\"2277\" data-permalink=\"https:\/\/mozaikowanie.pl\/index.php\/2017\/05\/31\/mozaiki-w-brukseli-dzielnica-magrittea\/img_20170530_121650\/\" data-orig-file=\"https:\/\/i0.wp.com\/mozaikowanie.pl\/wp-content\/uploads\/2017\/05\/IMG_20170530_121650.jpg?fit=934%2C960&amp;ssl=1\" data-orig-size=\"934,960\" data-comments-opened=\"1\" data-image-meta=\"{&quot;aperture&quot;:&quot;0&quot;,&quot;credit&quot;:&quot;&quot;,&quot;camera&quot;:&quot;&quot;,&quot;caption&quot;:&quot;&quot;,&quot;created_timestamp&quot;:&quot;0&quot;,&quot;copyright&quot;:&quot;&quot;,&quot;focal_length&quot;:&quot;0&quot;,&quot;iso&quot;:&quot;0&quot;,&quot;shutter_speed&quot;:&quot;0&quot;,&quot;title&quot;:&quot;&quot;,&quot;orientation&quot;:&quot;0&quot;}\" data-image-title=\"IMG_20170530_121650\" data-image-description=\"\" data-image-caption=\"\" data-medium-file=\"https:\/\/i0.wp.com\/mozaikowanie.pl\/wp-content\/uploads\/2017\/05\/IMG_20170530_121650.jpg?fit=292%2C300&amp;ssl=1\" data-large-file=\"https:\/\/i0.wp.com\/mozaikowanie.pl\/wp-content\/uploads\/2017\/05\/IMG_20170530_121650.jpg?fit=474%2C487&amp;ssl=1\" class=\"wp-image-2277 \" src=\"https:\/\/i0.wp.com\/mozaikowanie.pl\/wp-content\/uploads\/2017\/05\/IMG_20170530_121650-292x300.jpg?resize=388%2C399\" alt=\"\" width=\"388\" height=\"399\" srcset=\"https:\/\/i0.wp.com\/mozaikowanie.pl\/wp-content\/uploads\/2017\/05\/IMG_20170530_121650.jpg?resize=292%2C300&amp;ssl=1 292w, https:\/\/i0.wp.com\/mozaikowanie.pl\/wp-content\/uploads\/2017\/05\/IMG_20170530_121650.jpg?resize=768%2C789&amp;ssl=1 768w, https:\/\/i0.wp.com\/mozaikowanie.pl\/wp-content\/uploads\/2017\/05\/IMG_20170530_121650.jpg?w=934&amp;ssl=1 934w\" sizes=\"auto, (max-width: 388px) 100vw, 388px\" \/><\/a><figcaption id=\"caption-attachment-2277\" class=\"wp-caption-text\">mozaika nawi\u0105zuj\u0105ca do melonika oraz s\u0142ynnego obrazu Zdradliwo\u015b\u0107 obraz\u00f3w \/&#8221;To nie jest fajka&#8221; (tekst na mozaice g\u0142osi &#8222;To jest jab\u0142ko&#8221;)<\/figcaption><\/figure>\n<p>Dwa g\u00f3rne pi\u0119tra muzeum opowiadaj\u0105 histori\u0119 barwnego \u017cycia artysty \u2013 dla wielbicieli malarza wyprawa tam jest absolutnie obowi\u0105zkowa, podobnie jak wizyta w Muse\u00e9 Magritte \u00a0Museum\u00a0<a href=\"https:\/\/www.fine-arts-museum.be\/en\/museums\/musee-magritte-museum\">https:\/\/www.fine-arts-museum.be\/en\/museums\/musee-magritte-museum<\/a> (sic!, wszak Belgia to kraj dw\u00f3ch j\u0119zyk\u00f3w) w centrum Brukseli, gdzie znajduje si\u0119 wiele jego szkic\u00f3w i obraz\u00f3w.<\/p>\n<figure id=\"attachment_2263\" aria-describedby=\"caption-attachment-2263\" style=\"width: 421px\" class=\"wp-caption alignnone\"><a href=\"https:\/\/i0.wp.com\/mozaikowanie.pl\/wp-content\/uploads\/2017\/05\/IMG_20170528_195309.jpg\"><img data-recalc-dims=\"1\" loading=\"lazy\" decoding=\"async\" data-attachment-id=\"2263\" data-permalink=\"https:\/\/mozaikowanie.pl\/index.php\/2017\/05\/31\/mozaiki-w-brukseli-dzielnica-magrittea\/img_20170528_195309\/\" data-orig-file=\"https:\/\/i0.wp.com\/mozaikowanie.pl\/wp-content\/uploads\/2017\/05\/IMG_20170528_195309.jpg?fit=960%2C720&amp;ssl=1\" data-orig-size=\"960,720\" data-comments-opened=\"1\" data-image-meta=\"{&quot;aperture&quot;:&quot;0&quot;,&quot;credit&quot;:&quot;&quot;,&quot;camera&quot;:&quot;&quot;,&quot;caption&quot;:&quot;&quot;,&quot;created_timestamp&quot;:&quot;0&quot;,&quot;copyright&quot;:&quot;&quot;,&quot;focal_length&quot;:&quot;0&quot;,&quot;iso&quot;:&quot;0&quot;,&quot;shutter_speed&quot;:&quot;0&quot;,&quot;title&quot;:&quot;&quot;,&quot;orientation&quot;:&quot;0&quot;}\" data-image-title=\"IMG_20170528_195309\" data-image-description=\"\" data-image-caption=\"\" data-medium-file=\"https:\/\/i0.wp.com\/mozaikowanie.pl\/wp-content\/uploads\/2017\/05\/IMG_20170528_195309.jpg?fit=300%2C225&amp;ssl=1\" data-large-file=\"https:\/\/i0.wp.com\/mozaikowanie.pl\/wp-content\/uploads\/2017\/05\/IMG_20170528_195309.jpg?fit=474%2C356&amp;ssl=1\" class=\"wp-image-2263\" src=\"https:\/\/i0.wp.com\/mozaikowanie.pl\/wp-content\/uploads\/2017\/05\/IMG_20170528_195309-300x225.jpg?resize=421%2C316\" alt=\"\" width=\"421\" height=\"316\" srcset=\"https:\/\/i0.wp.com\/mozaikowanie.pl\/wp-content\/uploads\/2017\/05\/IMG_20170528_195309.jpg?resize=300%2C225&amp;ssl=1 300w, https:\/\/i0.wp.com\/mozaikowanie.pl\/wp-content\/uploads\/2017\/05\/IMG_20170528_195309.jpg?resize=768%2C576&amp;ssl=1 768w, https:\/\/i0.wp.com\/mozaikowanie.pl\/wp-content\/uploads\/2017\/05\/IMG_20170528_195309.jpg?w=960&amp;ssl=1 960w\" sizes=\"auto, (max-width: 421px) 100vw, 421px\" \/><\/a><figcaption id=\"caption-attachment-2263\" class=\"wp-caption-text\">Wasza wys\u0142anniczka usi\u0142uje sfotografowa\u0107 jedn\u0105 z mozaik w Jetta w Bardzo S\u0142oneczny Dzie\u0144<\/figcaption><\/figure>\n<figure id=\"attachment_2264\" aria-describedby=\"caption-attachment-2264\" style=\"width: 407px\" class=\"wp-caption alignnone\"><a href=\"https:\/\/i0.wp.com\/mozaikowanie.pl\/wp-content\/uploads\/2017\/05\/IMG_20170528_195245.jpg\"><img data-recalc-dims=\"1\" loading=\"lazy\" decoding=\"async\" data-attachment-id=\"2264\" data-permalink=\"https:\/\/mozaikowanie.pl\/index.php\/2017\/05\/31\/mozaiki-w-brukseli-dzielnica-magrittea\/img_20170528_195245\/\" data-orig-file=\"https:\/\/i0.wp.com\/mozaikowanie.pl\/wp-content\/uploads\/2017\/05\/IMG_20170528_195245.jpg?fit=580%2C435&amp;ssl=1\" data-orig-size=\"580,435\" data-comments-opened=\"1\" data-image-meta=\"{&quot;aperture&quot;:&quot;0&quot;,&quot;credit&quot;:&quot;&quot;,&quot;camera&quot;:&quot;&quot;,&quot;caption&quot;:&quot;&quot;,&quot;created_timestamp&quot;:&quot;0&quot;,&quot;copyright&quot;:&quot;&quot;,&quot;focal_length&quot;:&quot;0&quot;,&quot;iso&quot;:&quot;0&quot;,&quot;shutter_speed&quot;:&quot;0&quot;,&quot;title&quot;:&quot;&quot;,&quot;orientation&quot;:&quot;0&quot;}\" data-image-title=\"IMG_20170528_195245\" data-image-description=\"\" data-image-caption=\"\" data-medium-file=\"https:\/\/i0.wp.com\/mozaikowanie.pl\/wp-content\/uploads\/2017\/05\/IMG_20170528_195245.jpg?fit=300%2C225&amp;ssl=1\" data-large-file=\"https:\/\/i0.wp.com\/mozaikowanie.pl\/wp-content\/uploads\/2017\/05\/IMG_20170528_195245.jpg?fit=474%2C356&amp;ssl=1\" class=\"wp-image-2264 \" src=\"https:\/\/i0.wp.com\/mozaikowanie.pl\/wp-content\/uploads\/2017\/05\/IMG_20170528_195245-300x225.jpg?resize=407%2C305\" alt=\"\" width=\"407\" height=\"305\" srcset=\"https:\/\/i0.wp.com\/mozaikowanie.pl\/wp-content\/uploads\/2017\/05\/IMG_20170528_195245.jpg?resize=300%2C225&amp;ssl=1 300w, https:\/\/i0.wp.com\/mozaikowanie.pl\/wp-content\/uploads\/2017\/05\/IMG_20170528_195245.jpg?w=580&amp;ssl=1 580w\" sizes=\"auto, (max-width: 407px) 100vw, 407px\" \/><\/a><figcaption id=\"caption-attachment-2264\" class=\"wp-caption-text\">mozaika w &#8222;dzielnicy Magritte&#8221;, detal<\/figcaption><\/figure>\n<p>Wr\u00f3\u0107my jednak do mozaik. W roku 2013 lokalne stowarzyszenie pod nazw\u0105 Komitet Dzielnicy Magritte\u2019a (le Comit\u00e9 de quartier Magritte) wygra\u0142o nagrod\u0119 Bruocsella de Promethea, kt\u00f3ra pozwoli\u0142a na zrealizowanie projektu, dzi\u0119ki kt\u00f3remu mieszka\u0144cy Jetty, czyli owej Dzielnicy Magritte\u2019a mogli sami na chwil\u0119 poczu\u0107 si\u0119 surrealistami.<\/p>\n<figure id=\"attachment_2278\" aria-describedby=\"caption-attachment-2278\" style=\"width: 408px\" class=\"wp-caption alignnone\"><a href=\"https:\/\/i0.wp.com\/mozaikowanie.pl\/wp-content\/uploads\/2017\/05\/IMG_20170530_121346.jpg\"><img data-recalc-dims=\"1\" loading=\"lazy\" decoding=\"async\" data-attachment-id=\"2278\" data-permalink=\"https:\/\/mozaikowanie.pl\/index.php\/2017\/05\/31\/mozaiki-w-brukseli-dzielnica-magrittea\/img_20170530_121346\/\" data-orig-file=\"https:\/\/i0.wp.com\/mozaikowanie.pl\/wp-content\/uploads\/2017\/05\/IMG_20170530_121346.jpg?fit=960%2C955&amp;ssl=1\" data-orig-size=\"960,955\" data-comments-opened=\"1\" data-image-meta=\"{&quot;aperture&quot;:&quot;0&quot;,&quot;credit&quot;:&quot;&quot;,&quot;camera&quot;:&quot;&quot;,&quot;caption&quot;:&quot;&quot;,&quot;created_timestamp&quot;:&quot;0&quot;,&quot;copyright&quot;:&quot;&quot;,&quot;focal_length&quot;:&quot;0&quot;,&quot;iso&quot;:&quot;0&quot;,&quot;shutter_speed&quot;:&quot;0&quot;,&quot;title&quot;:&quot;&quot;,&quot;orientation&quot;:&quot;0&quot;}\" data-image-title=\"IMG_20170530_121346\" data-image-description=\"\" data-image-caption=\"\" data-medium-file=\"https:\/\/i0.wp.com\/mozaikowanie.pl\/wp-content\/uploads\/2017\/05\/IMG_20170530_121346.jpg?fit=300%2C298&amp;ssl=1\" data-large-file=\"https:\/\/i0.wp.com\/mozaikowanie.pl\/wp-content\/uploads\/2017\/05\/IMG_20170530_121346.jpg?fit=474%2C472&amp;ssl=1\" class=\"wp-image-2278\" src=\"https:\/\/i0.wp.com\/mozaikowanie.pl\/wp-content\/uploads\/2017\/05\/IMG_20170530_121346-300x298.jpg?resize=408%2C405\" alt=\"\" width=\"408\" height=\"405\" srcset=\"https:\/\/i0.wp.com\/mozaikowanie.pl\/wp-content\/uploads\/2017\/05\/IMG_20170530_121346.jpg?resize=300%2C298&amp;ssl=1 300w, https:\/\/i0.wp.com\/mozaikowanie.pl\/wp-content\/uploads\/2017\/05\/IMG_20170530_121346.jpg?resize=150%2C150&amp;ssl=1 150w, https:\/\/i0.wp.com\/mozaikowanie.pl\/wp-content\/uploads\/2017\/05\/IMG_20170530_121346.jpg?resize=768%2C764&amp;ssl=1 768w, https:\/\/i0.wp.com\/mozaikowanie.pl\/wp-content\/uploads\/2017\/05\/IMG_20170530_121346.jpg?w=960&amp;ssl=1 960w\" sizes=\"auto, (max-width: 408px) 100vw, 408px\" \/><\/a><figcaption id=\"caption-attachment-2278\" class=\"wp-caption-text\">mozaika na p\u0142ycie chodnikowej w dzielnicy Magritte<\/figcaption><\/figure>\n<p>Po odbyciu kr\u00f3tkiego kursu z surrealizmu w muzeum na Esseghem 135 oraz sta\u017cu mozaikowego w Art Mosaico <a href=\"https:\/\/www.artmosaico.be\/\">https:\/\/www.artmosaico.be\/<\/a>, mieszka\u0144cy zrealizowali 66 mozaikowych p\u0142yt, kt\u00f3re obecnie mo\u017cna podziwia\u0107 na chodnikach Jetty oraz 4 du\u017ce mozaiki.<\/p>\n<figure id=\"attachment_2265\" aria-describedby=\"caption-attachment-2265\" style=\"width: 432px\" class=\"wp-caption alignnone\"><a href=\"https:\/\/i0.wp.com\/mozaikowanie.pl\/wp-content\/uploads\/2017\/05\/IMG_20170526_140114.jpg\"><img data-recalc-dims=\"1\" loading=\"lazy\" decoding=\"async\" data-attachment-id=\"2265\" data-permalink=\"https:\/\/mozaikowanie.pl\/index.php\/2017\/05\/31\/mozaiki-w-brukseli-dzielnica-magrittea\/img_20170526_140114\/\" data-orig-file=\"https:\/\/i0.wp.com\/mozaikowanie.pl\/wp-content\/uploads\/2017\/05\/IMG_20170526_140114.jpg?fit=960%2C720&amp;ssl=1\" data-orig-size=\"960,720\" data-comments-opened=\"1\" data-image-meta=\"{&quot;aperture&quot;:&quot;0&quot;,&quot;credit&quot;:&quot;&quot;,&quot;camera&quot;:&quot;&quot;,&quot;caption&quot;:&quot;&quot;,&quot;created_timestamp&quot;:&quot;0&quot;,&quot;copyright&quot;:&quot;&quot;,&quot;focal_length&quot;:&quot;0&quot;,&quot;iso&quot;:&quot;0&quot;,&quot;shutter_speed&quot;:&quot;0&quot;,&quot;title&quot;:&quot;&quot;,&quot;orientation&quot;:&quot;0&quot;}\" data-image-title=\"IMG_20170526_140114\" data-image-description=\"\" data-image-caption=\"\" data-medium-file=\"https:\/\/i0.wp.com\/mozaikowanie.pl\/wp-content\/uploads\/2017\/05\/IMG_20170526_140114.jpg?fit=300%2C225&amp;ssl=1\" data-large-file=\"https:\/\/i0.wp.com\/mozaikowanie.pl\/wp-content\/uploads\/2017\/05\/IMG_20170526_140114.jpg?fit=474%2C356&amp;ssl=1\" class=\"wp-image-2265\" src=\"https:\/\/i0.wp.com\/mozaikowanie.pl\/wp-content\/uploads\/2017\/05\/IMG_20170526_140114-300x225.jpg?resize=432%2C324\" alt=\"\" width=\"432\" height=\"324\" srcset=\"https:\/\/i0.wp.com\/mozaikowanie.pl\/wp-content\/uploads\/2017\/05\/IMG_20170526_140114.jpg?resize=300%2C225&amp;ssl=1 300w, https:\/\/i0.wp.com\/mozaikowanie.pl\/wp-content\/uploads\/2017\/05\/IMG_20170526_140114.jpg?resize=768%2C576&amp;ssl=1 768w, https:\/\/i0.wp.com\/mozaikowanie.pl\/wp-content\/uploads\/2017\/05\/IMG_20170526_140114.jpg?w=960&amp;ssl=1 960w\" sizes=\"auto, (max-width: 432px) 100vw, 432px\" \/><\/a><figcaption id=\"caption-attachment-2265\" class=\"wp-caption-text\">mozaika na murze szko\u0142y podstawowej w &#8222;dzielnicy Magritte&#8221;<\/figcaption><\/figure>\n<p>Jak wida\u0107, mieszka\u0144cy Brukseli \u015bwietnie odnale\u017ali si\u0119 w surrealistycznym klimacie sprzed prawie wieku:<\/p>\n<p><a href=\"https:\/\/i0.wp.com\/mozaikowanie.pl\/wp-content\/uploads\/2017\/05\/IMG_20170529_100838.jpg\"><img data-recalc-dims=\"1\" loading=\"lazy\" decoding=\"async\" data-attachment-id=\"2270\" data-permalink=\"https:\/\/mozaikowanie.pl\/index.php\/2017\/05\/31\/mozaiki-w-brukseli-dzielnica-magrittea\/img_20170529_100838\/\" data-orig-file=\"https:\/\/i0.wp.com\/mozaikowanie.pl\/wp-content\/uploads\/2017\/05\/IMG_20170529_100838.jpg?fit=896%2C902&amp;ssl=1\" data-orig-size=\"896,902\" data-comments-opened=\"1\" data-image-meta=\"{&quot;aperture&quot;:&quot;0&quot;,&quot;credit&quot;:&quot;&quot;,&quot;camera&quot;:&quot;&quot;,&quot;caption&quot;:&quot;&quot;,&quot;created_timestamp&quot;:&quot;0&quot;,&quot;copyright&quot;:&quot;&quot;,&quot;focal_length&quot;:&quot;0&quot;,&quot;iso&quot;:&quot;0&quot;,&quot;shutter_speed&quot;:&quot;0&quot;,&quot;title&quot;:&quot;&quot;,&quot;orientation&quot;:&quot;0&quot;}\" data-image-title=\"IMG_20170529_100838\" data-image-description=\"\" data-image-caption=\"\" data-medium-file=\"https:\/\/i0.wp.com\/mozaikowanie.pl\/wp-content\/uploads\/2017\/05\/IMG_20170529_100838.jpg?fit=298%2C300&amp;ssl=1\" data-large-file=\"https:\/\/i0.wp.com\/mozaikowanie.pl\/wp-content\/uploads\/2017\/05\/IMG_20170529_100838.jpg?fit=474%2C477&amp;ssl=1\" class=\"alignnone wp-image-2270\" src=\"https:\/\/i0.wp.com\/mozaikowanie.pl\/wp-content\/uploads\/2017\/05\/IMG_20170529_100838-298x300.jpg?resize=230%2C232\" alt=\"\" width=\"230\" height=\"232\" srcset=\"https:\/\/i0.wp.com\/mozaikowanie.pl\/wp-content\/uploads\/2017\/05\/IMG_20170529_100838.jpg?resize=298%2C300&amp;ssl=1 298w, https:\/\/i0.wp.com\/mozaikowanie.pl\/wp-content\/uploads\/2017\/05\/IMG_20170529_100838.jpg?resize=150%2C150&amp;ssl=1 150w, https:\/\/i0.wp.com\/mozaikowanie.pl\/wp-content\/uploads\/2017\/05\/IMG_20170529_100838.jpg?resize=768%2C773&amp;ssl=1 768w, https:\/\/i0.wp.com\/mozaikowanie.pl\/wp-content\/uploads\/2017\/05\/IMG_20170529_100838.jpg?w=896&amp;ssl=1 896w\" sizes=\"auto, (max-width: 230px) 100vw, 230px\" \/><\/a>\u00a0<a href=\"https:\/\/i0.wp.com\/mozaikowanie.pl\/wp-content\/uploads\/2017\/05\/IMG_20170530_121723.jpg\"><img data-recalc-dims=\"1\" loading=\"lazy\" decoding=\"async\" data-attachment-id=\"2279\" data-permalink=\"https:\/\/mozaikowanie.pl\/index.php\/2017\/05\/31\/mozaiki-w-brukseli-dzielnica-magrittea\/img_20170530_121723\/\" data-orig-file=\"https:\/\/i0.wp.com\/mozaikowanie.pl\/wp-content\/uploads\/2017\/05\/IMG_20170530_121723.jpg?fit=960%2C930&amp;ssl=1\" data-orig-size=\"960,930\" data-comments-opened=\"1\" data-image-meta=\"{&quot;aperture&quot;:&quot;0&quot;,&quot;credit&quot;:&quot;&quot;,&quot;camera&quot;:&quot;&quot;,&quot;caption&quot;:&quot;&quot;,&quot;created_timestamp&quot;:&quot;0&quot;,&quot;copyright&quot;:&quot;&quot;,&quot;focal_length&quot;:&quot;0&quot;,&quot;iso&quot;:&quot;0&quot;,&quot;shutter_speed&quot;:&quot;0&quot;,&quot;title&quot;:&quot;&quot;,&quot;orientation&quot;:&quot;0&quot;}\" data-image-title=\"IMG_20170530_121723\" data-image-description=\"\" data-image-caption=\"\" data-medium-file=\"https:\/\/i0.wp.com\/mozaikowanie.pl\/wp-content\/uploads\/2017\/05\/IMG_20170530_121723.jpg?fit=300%2C291&amp;ssl=1\" data-large-file=\"https:\/\/i0.wp.com\/mozaikowanie.pl\/wp-content\/uploads\/2017\/05\/IMG_20170530_121723.jpg?fit=474%2C459&amp;ssl=1\" class=\"alignnone wp-image-2279\" src=\"https:\/\/i0.wp.com\/mozaikowanie.pl\/wp-content\/uploads\/2017\/05\/IMG_20170530_121723-300x291.jpg?resize=238%2C231\" alt=\"\" width=\"238\" height=\"231\" srcset=\"https:\/\/i0.wp.com\/mozaikowanie.pl\/wp-content\/uploads\/2017\/05\/IMG_20170530_121723.jpg?resize=300%2C291&amp;ssl=1 300w, https:\/\/i0.wp.com\/mozaikowanie.pl\/wp-content\/uploads\/2017\/05\/IMG_20170530_121723.jpg?resize=768%2C744&amp;ssl=1 768w, https:\/\/i0.wp.com\/mozaikowanie.pl\/wp-content\/uploads\/2017\/05\/IMG_20170530_121723.jpg?w=960&amp;ssl=1 960w\" sizes=\"auto, (max-width: 238px) 100vw, 238px\" \/><\/a><\/p>\n<p>Bardzo zazdroszcz\u0119 brukselczykom tak wspania\u0142ego projektu. Kto wie, mo\u017ce nied\u0142ugo tak\u017ce w Polsce b\u0119dziemy mogli zrobi\u0107 co\u015b podobnego? W Krakowie by\u0142 ju\u017c projekt ku czci Mehoffera i Wyspia\u0144skiego (napisz\u0119 o nim niebawem), czas zaprosi\u0107 do sztuki mozaikowej mieszka\u0144c\u00f3w innych miast.<\/p>\n<p><a href=\"https:\/\/i0.wp.com\/mozaikowanie.pl\/wp-content\/uploads\/2017\/05\/IMG_20170528_195440.jpg\"><img data-recalc-dims=\"1\" loading=\"lazy\" decoding=\"async\" data-attachment-id=\"2286\" data-permalink=\"https:\/\/mozaikowanie.pl\/index.php\/2017\/05\/31\/mozaiki-w-brukseli-dzielnica-magrittea\/img_20170528_195440\/\" data-orig-file=\"https:\/\/i0.wp.com\/mozaikowanie.pl\/wp-content\/uploads\/2017\/05\/IMG_20170528_195440.jpg?fit=960%2C720&amp;ssl=1\" data-orig-size=\"960,720\" data-comments-opened=\"1\" data-image-meta=\"{&quot;aperture&quot;:&quot;0&quot;,&quot;credit&quot;:&quot;&quot;,&quot;camera&quot;:&quot;&quot;,&quot;caption&quot;:&quot;&quot;,&quot;created_timestamp&quot;:&quot;0&quot;,&quot;copyright&quot;:&quot;&quot;,&quot;focal_length&quot;:&quot;0&quot;,&quot;iso&quot;:&quot;0&quot;,&quot;shutter_speed&quot;:&quot;0&quot;,&quot;title&quot;:&quot;&quot;,&quot;orientation&quot;:&quot;0&quot;}\" data-image-title=\"IMG_20170528_195440\" data-image-description=\"\" data-image-caption=\"\" data-medium-file=\"https:\/\/i0.wp.com\/mozaikowanie.pl\/wp-content\/uploads\/2017\/05\/IMG_20170528_195440.jpg?fit=300%2C225&amp;ssl=1\" data-large-file=\"https:\/\/i0.wp.com\/mozaikowanie.pl\/wp-content\/uploads\/2017\/05\/IMG_20170528_195440.jpg?fit=474%2C356&amp;ssl=1\" class=\"alignnone size-medium wp-image-2286\" src=\"https:\/\/i0.wp.com\/mozaikowanie.pl\/wp-content\/uploads\/2017\/05\/IMG_20170528_195440-300x225.jpg?resize=300%2C225\" alt=\"\" width=\"300\" height=\"225\" srcset=\"https:\/\/i0.wp.com\/mozaikowanie.pl\/wp-content\/uploads\/2017\/05\/IMG_20170528_195440.jpg?resize=300%2C225&amp;ssl=1 300w, https:\/\/i0.wp.com\/mozaikowanie.pl\/wp-content\/uploads\/2017\/05\/IMG_20170528_195440.jpg?resize=768%2C576&amp;ssl=1 768w, https:\/\/i0.wp.com\/mozaikowanie.pl\/wp-content\/uploads\/2017\/05\/IMG_20170528_195440.jpg?w=960&amp;ssl=1 960w\" sizes=\"auto, (max-width: 300px) 100vw, 300px\" \/><\/a><\/p>\n<p>Gdyby\u015bcie chcieli uda\u0107 si\u0119 szlakami tych mozaik, to ma\u0142a \u015bci\u0105ga, wzd\u0142u\u017c jakich ulic mo\u017cna je znale\u017a\u0107:<\/p>\n<p><a href=\"https:\/\/i0.wp.com\/mozaikowanie.pl\/wp-content\/uploads\/2017\/05\/mapaJetta.png\"><img data-recalc-dims=\"1\" loading=\"lazy\" decoding=\"async\" data-attachment-id=\"2280\" data-permalink=\"https:\/\/mozaikowanie.pl\/index.php\/2017\/05\/31\/mozaiki-w-brukseli-dzielnica-magrittea\/mapajetta\/\" data-orig-file=\"https:\/\/i0.wp.com\/mozaikowanie.pl\/wp-content\/uploads\/2017\/05\/mapaJetta.png?fit=561%2C438&amp;ssl=1\" data-orig-size=\"561,438\" data-comments-opened=\"1\" data-image-meta=\"{&quot;aperture&quot;:&quot;0&quot;,&quot;credit&quot;:&quot;&quot;,&quot;camera&quot;:&quot;&quot;,&quot;caption&quot;:&quot;&quot;,&quot;created_timestamp&quot;:&quot;0&quot;,&quot;copyright&quot;:&quot;&quot;,&quot;focal_length&quot;:&quot;0&quot;,&quot;iso&quot;:&quot;0&quot;,&quot;shutter_speed&quot;:&quot;0&quot;,&quot;title&quot;:&quot;&quot;,&quot;orientation&quot;:&quot;0&quot;}\" data-image-title=\"mapaJetta\" data-image-description=\"\" data-image-caption=\"\" data-medium-file=\"https:\/\/i0.wp.com\/mozaikowanie.pl\/wp-content\/uploads\/2017\/05\/mapaJetta.png?fit=300%2C234&amp;ssl=1\" data-large-file=\"https:\/\/i0.wp.com\/mozaikowanie.pl\/wp-content\/uploads\/2017\/05\/mapaJetta.png?fit=474%2C370&amp;ssl=1\" class=\"alignnone size-medium wp-image-2280\" src=\"https:\/\/i0.wp.com\/mozaikowanie.pl\/wp-content\/uploads\/2017\/05\/mapaJetta-300x234.png?resize=300%2C234\" alt=\"\" width=\"300\" height=\"234\" srcset=\"https:\/\/i0.wp.com\/mozaikowanie.pl\/wp-content\/uploads\/2017\/05\/mapaJetta.png?resize=300%2C234&amp;ssl=1 300w, https:\/\/i0.wp.com\/mozaikowanie.pl\/wp-content\/uploads\/2017\/05\/mapaJetta.png?w=561&amp;ssl=1 561w\" sizes=\"auto, (max-width: 300px) 100vw, 300px\" \/><\/a><\/p>\n<p>P. S.\u00a0(Dla przypomnienia, Magritte to ten od &#8222;Syna Cz\u0142owieczego&#8221;, kt\u00f3ry to syn wisi w czyim\u015b salonie, niestety nie w moim):<\/p>\n<p><a href=\"https:\/\/i0.wp.com\/mozaikowanie.pl\/wp-content\/uploads\/2017\/05\/magritte.jpg\"><img data-recalc-dims=\"1\" loading=\"lazy\" decoding=\"async\" data-attachment-id=\"2258\" data-permalink=\"https:\/\/mozaikowanie.pl\/index.php\/2017\/05\/31\/mozaiki-w-brukseli-dzielnica-magrittea\/magritte\/\" data-orig-file=\"https:\/\/i0.wp.com\/mozaikowanie.pl\/wp-content\/uploads\/2017\/05\/magritte.jpg?fit=650%2C811&amp;ssl=1\" data-orig-size=\"650,811\" data-comments-opened=\"1\" data-image-meta=\"{&quot;aperture&quot;:&quot;0&quot;,&quot;credit&quot;:&quot;&quot;,&quot;camera&quot;:&quot;&quot;,&quot;caption&quot;:&quot;&quot;,&quot;created_timestamp&quot;:&quot;0&quot;,&quot;copyright&quot;:&quot;&quot;,&quot;focal_length&quot;:&quot;0&quot;,&quot;iso&quot;:&quot;0&quot;,&quot;shutter_speed&quot;:&quot;0&quot;,&quot;title&quot;:&quot;&quot;,&quot;orientation&quot;:&quot;1&quot;}\" data-image-title=\"magritte\" data-image-description=\"\" data-image-caption=\"\" data-medium-file=\"https:\/\/i0.wp.com\/mozaikowanie.pl\/wp-content\/uploads\/2017\/05\/magritte.jpg?fit=240%2C300&amp;ssl=1\" data-large-file=\"https:\/\/i0.wp.com\/mozaikowanie.pl\/wp-content\/uploads\/2017\/05\/magritte.jpg?fit=474%2C591&amp;ssl=1\" class=\"alignnone size-medium wp-image-2258\" src=\"https:\/\/i0.wp.com\/mozaikowanie.pl\/wp-content\/uploads\/2017\/05\/magritte-240x300.jpg?resize=240%2C300\" alt=\"\" width=\"240\" height=\"300\" srcset=\"https:\/\/i0.wp.com\/mozaikowanie.pl\/wp-content\/uploads\/2017\/05\/magritte.jpg?resize=240%2C300&amp;ssl=1 240w, https:\/\/i0.wp.com\/mozaikowanie.pl\/wp-content\/uploads\/2017\/05\/magritte.jpg?w=650&amp;ssl=1 650w\" sizes=\"auto, (max-width: 240px) 100vw, 240px\" \/><\/a><\/p>\n","protected":false},"excerpt":{"rendered":"<p>W mojej skomplikowanej relacji z surrealizmem Ren\u00e9 Magritte jest artyst\u0105 wyj\u0105tkowym, poniewa\u017c nie mam \u017cadnej w\u0105tpliwo\u015bci, \u017ce gdybym tylko mog\u0142a sobie na to pozwoli\u0107 (taaaak&#8230;), jego dzie\u0142a wisia\u0142yby w ka\u017cdym pomieszczeniu w moim mieszkaniu. Jaka\u017c wi\u0119c by\u0142a moja rado\u015b\u0107, kiedy okaza\u0142o si\u0119, \u017ce b\u0119d\u0119 mog\u0142a o nim napisa\u0107 na blogu ze wzgl\u0119du na &#8230; mozaiki. &hellip; <a href=\"https:\/\/mozaikowanie.pl\/index.php\/2017\/05\/31\/mozaiki-w-brukseli-dzielnica-magrittea\/\" class=\"more-link\">Czytaj dalej <span class=\"screen-reader-text\">Mozaiki w Brukseli &#8211; dzielnica Magritte&#8217;a<\/span> <span class=\"meta-nav\">&rarr;<\/span><\/a><\/p>\n","protected":false},"author":1,"featured_media":0,"comment_status":"open","ping_status":"open","sticky":false,"template":"","format":"standard","meta":{"jetpack_post_was_ever_published":false,"_jetpack_newsletter_access":"","_jetpack_dont_email_post_to_subs":false,"_jetpack_newsletter_tier_id":0,"_jetpack_memberships_contains_paywalled_content":false,"_jetpack_memberships_contains_paid_content":false,"footnotes":"","jetpack_publicize_message":"","jetpack_publicize_feature_enabled":true,"jetpack_social_post_already_shared":true,"jetpack_social_options":{"image_generator_settings":{"template":"highway","enabled":false},"version":2}},"categories":[5],"tags":[51],"class_list":["post-2257","post","type-post","status-publish","format-standard","hentry","category-mozaika-wspolczesnaa","tag-mozaika-uliczna"],"jetpack_publicize_connections":[],"aioseo_notices":[],"jetpack_featured_media_url":"","jetpack_sharing_enabled":true,"jetpack_shortlink":"https:\/\/wp.me\/p72G1w-Ap","jetpack-related-posts":[],"_links":{"self":[{"href":"https:\/\/mozaikowanie.pl\/index.php\/wp-json\/wp\/v2\/posts\/2257","targetHints":{"allow":["GET"]}}],"collection":[{"href":"https:\/\/mozaikowanie.pl\/index.php\/wp-json\/wp\/v2\/posts"}],"about":[{"href":"https:\/\/mozaikowanie.pl\/index.php\/wp-json\/wp\/v2\/types\/post"}],"author":[{"embeddable":true,"href":"https:\/\/mozaikowanie.pl\/index.php\/wp-json\/wp\/v2\/users\/1"}],"replies":[{"embeddable":true,"href":"https:\/\/mozaikowanie.pl\/index.php\/wp-json\/wp\/v2\/comments?post=2257"}],"version-history":[{"count":14,"href":"https:\/\/mozaikowanie.pl\/index.php\/wp-json\/wp\/v2\/posts\/2257\/revisions"}],"predecessor-version":[{"id":2287,"href":"https:\/\/mozaikowanie.pl\/index.php\/wp-json\/wp\/v2\/posts\/2257\/revisions\/2287"}],"wp:attachment":[{"href":"https:\/\/mozaikowanie.pl\/index.php\/wp-json\/wp\/v2\/media?parent=2257"}],"wp:term":[{"taxonomy":"category","embeddable":true,"href":"https:\/\/mozaikowanie.pl\/index.php\/wp-json\/wp\/v2\/categories?post=2257"},{"taxonomy":"post_tag","embeddable":true,"href":"https:\/\/mozaikowanie.pl\/index.php\/wp-json\/wp\/v2\/tags?post=2257"}],"curies":[{"name":"wp","href":"https:\/\/api.w.org\/{rel}","templated":true}]}}