{"id":2502,"date":"2017-11-19T14:42:57","date_gmt":"2017-11-19T13:42:57","guid":{"rendered":"http:\/\/mozaikowanie.pl\/?p=2502"},"modified":"2017-11-19T22:52:00","modified_gmt":"2017-11-19T21:52:00","slug":"jak-uczyc-plastyki-w-szkole","status":"publish","type":"post","link":"https:\/\/mozaikowanie.pl\/index.php\/2017\/11\/19\/jak-uczyc-plastyki-w-szkole\/","title":{"rendered":"Jak uczy\u0107 plastyki w szkole &#8211; kilka odkry\u0107"},"content":{"rendered":"<p>Wczorajszy dzie\u0144 przejdzie do mojej mozaikowej historii jako bardzo inspiruj\u0105cy.\u00a0 Uczestniczy\u0142am w\u00a0 III Forum Nauczycieli Plastyki pt. &#8222;Jak uczy\u0107 plastyki w o\u015bmioklasowej szkole podstawowej&#8221;, organizowanym przez Warszawskie Centrum Innowacji Edukacyjno-Spo\u0142ecznych ( <a href=\"http:\/\/www.wcies.edu.pl\">http:\/\/www.wcies.edu.pl<\/a>)\u00a0 i mia\u0142am tam mo\u017cliwo\u015b\u0107 poprowadzenia warsztatu pokazuj\u0105cego, jak wykorzysta\u0107 mozaik\u0119 w pracy z dzie\u0107mi w r\u00f3\u017cnym wieku.<\/p>\n<p>Dla mnie najwi\u0119kszym prze\u017cyciem by\u0142a mo\u017cliwo\u015b\u0107 poznania grupy \u015bwietnych nauczycielek,\u00a0 kt\u00f3re s\u0105 inspiracj\u0105 dla swoich uczni\u00f3w, dbaj\u0105 o nich, szukaj\u0105 nowych dr\u00f3g dzielenia si\u0119 wiedz\u0105 i pasj\u0105, a\u00a0 sw\u00f3j prywatny czas w sobotnie popo\u0142udnie po\u015bwi\u0119ci\u0142y na to, \u017ceby wymienia\u0107 do\u015bwiadczenia i inspirowa\u0107 si\u0119 wzajemnie.\u00a0 Jestem podbudowana tym, czego si\u0119 dowiedzia\u0142am i bardzo , bardzo dzi\u0119kuj\u0119 p. Katarzynie Jasi\u0144skiej za umo\u017cliwienie mi udzia\u0142u w tym wydarzeniu.<!--more--><\/p>\n<p>Jak wiecie, Drodzy Czytelnicy, jestem przyk\u0142adem osoby, kt\u00f3rej w szkolnych czasach wmawiano (i kt\u00f3ra niew\u0105tpliwie sobie te\u017c wmawia\u0142a), \u017ce jest totalnym beztalenciem artystycznym, a\u017c tu nagle, po latach, zabra\u0142a si\u0119 za dzia\u0142ania plastyczne:). Bardzo \u017ca\u0142uj\u0119, \u017ce nie spotka\u0142am na swojej drodze takich nauczycielek, jak te wczoraj &#8211; rozumiej\u0105cych, co jest wa\u017cne dla ma\u0142ych lub m\u0142odych ludzi i jak plastyka mo\u017ce im pom\u00f3c odnale\u017a\u0107 si\u0119 w \u015bwiecie i lepiej wyra\u017ca\u0107 swoje emocje. Bardzo podoba\u0142 mi si\u0119 pomys\u0142, \u017ceby z plastyki stawia\u0107 same pi\u0105tki, poniewa\u017c nie da si\u0119 tak naprawd\u0119 oceni\u0107 dzie\u0142 sztuki, nawet tworzonych przez pocz\u0105tkuj\u0105cych artyst\u00f3w. Mo\u017cna oceni\u0107 nisko brak zaanga\u017cowania i prace robione &#8222;na odwal&#8221;, ale tak naprawd\u0119 ka\u017cda praca niesie za sob\u0105 tre\u015b\u0107 i emocje, kt\u00f3re nie podlegaj\u0105 ocenie, za to mog\u0105 podlega\u0107 dyskusji i rozwija\u0107.<\/p>\n<p>Dowiedzia\u0142am si\u0119 te\u017c wczoraj, \u017ce zaskakuj\u0105cym priorytetem Ministerstwa Edukacji w Finlandii\u00a0 w dziedzinie edukacji jest &#8230; rado\u015b\u0107. Dzieci, kt\u00f3re od kilkunastu lat maj\u0105 najlepsze wyniki w badaniach kompetencji PISA, nie zdobywaj\u0105 wiedzy i umiej\u0119tno\u015bci za pomoc\u0105 egzamin\u00f3w i czerwonych pask\u00f3w, ale poprzez wsp\u00f3\u0142prac\u0119 i kreatywno\u015b\u0107 w szkole.\u00a0 Jutro p\u0119dz\u0119 do ksi\u0119garni zakupi\u0107 ksi\u0105\u017ck\u0119 Timothy Walkera &#8222;Fi\u0144skie dzieci ucz\u0105 si\u0119 najlepiej&#8221;, dzisiaj sp\u0119dzi\u0142am poranek zag\u0142\u0119biaj\u0105c si\u0119 w ksi\u0105\u017ck\u0119 Kena Robinsona i Lou Aronica pt. &#8222;Kreatywne szko\u0142y&#8221;. Ta pozycja zaczyna si\u0119 od stwierdzenia, \u017ce &#8222;w wielu przypadkach reformy (systemu edukacji &#8211; przyp. m\u00f3j) przeprowadzane s\u0105 z motyw\u00f3w politycznych i komercyjnych, przy b\u0142\u0119dnym rozumieniu tego, w jaki spos\u00f3b ludzie tak naprawd\u0119 si\u0119 ucz\u0105 i jak dzia\u0142aj\u0105 wspania\u0142e szko\u0142y&#8221;.\u00a0 W Polsce te\u017c przez ostatnie 25 lat reform nie brakuje, ale\u00a0 mam wra\u017cenie, \u017ce entuzjazm kolejnych ministr\u00f3w edukacji nie ma szans sko\u0144czy\u0107 si\u0119 entuzjastycznym podej\u015bciem do \u017cycia spo\u0142ecze\u0144stwa.<\/p>\n<p>We wczorajszych rozmowach bardzo uderzy\u0142o mnie to, \u017ce faktycznie plastyka mo\u017ce by\u0107 w szkole tym przedmiotem, na kt\u00f3rym uczniowie mog\u0105 porusza\u0107 wa\u017cne dla nich sprawy, bo pomi\u0119dzy tym, co Sienkiewicz mia\u0142 na my\u015bli, a informacjami o tym, jak rozmna\u017ca si\u0119 pantofelek nie ma odpowiedzi na nurtuj\u0105ce m\u0142odzie\u017c pytania. A lekcje plastyki s\u0105 okazj\u0105 do dialogu. Je\u015bli tematem jest &#8222;pejza\u017c w sztuce&#8221; , to bardziej do mnie przemawia to, \u017ceby 15-latek tworzy\u0142 prac\u0119 &#8222;Pejza\u017c z mojego okna, wiek XXI&#8221; i dzi\u0119ki analizie prac poznawa\u0142 zasady kompozycji, ni\u017c m\u0119czy\u0142 przez dwie godziny Che\u0142mo\u0144skiego, staraj\u0105c si\u0119 zapami\u0119ta\u0107, w jakiej wsi si\u0119 ten ostatni urodzi\u0142.\u00a0 Wolno\u015b\u0107, jak\u0105 daje technika mozaiki, szale\u0144stwo materia\u0142\u00f3w, z jakich mo\u017cna j\u0105 tworzy\u0107, zacz\u0119\u0142y mi si\u0119 nagle jawi\u0107, jako podstawa programowa:).\u00a0 Jest czas na histori\u0119 mozaiki, jest czas na geometri\u0119 andamento, ale jest te\u017c czas na ekspresj\u0119 bez ogranicze\u0144.<\/p>\n<p>Oczywi\u015bcie mam nadziej\u0119, \u017ce warsztat mozaikowy zainspirowa\u0142 uczestniczki. Niestety nie uda\u0142o mi si\u0119 zrobi\u0107 zdj\u0119\u0107, ale\u00a0 niech to zdj\u0119cie z toalety \u017ce\u0144skiej ze szko\u0142y podstawowej pos\u0142u\u017cy za podsumowanie moich dzisiejszych wywod\u00f3w.\u00a0 Chc\u0119 wierzy\u0107, \u017ce edukacja plastyczna uzyska w ko\u0144cu nale\u017cne jej miejsce w &#8222;systemie&#8221;.<\/p>\n<p><a href=\"https:\/\/i0.wp.com\/mozaikowanie.pl\/wp-content\/uploads\/2017\/11\/IMG_20171118_123036dddd.jpg\"><img data-recalc-dims=\"1\" loading=\"lazy\" decoding=\"async\" data-attachment-id=\"2512\" data-permalink=\"https:\/\/mozaikowanie.pl\/index.php\/2017\/11\/19\/jak-uczyc-plastyki-w-szkole\/img_20171118_123036dddd\/\" data-orig-file=\"https:\/\/i0.wp.com\/mozaikowanie.pl\/wp-content\/uploads\/2017\/11\/IMG_20171118_123036dddd.jpg?fit=397%2C298&amp;ssl=1\" data-orig-size=\"397,298\" data-comments-opened=\"1\" data-image-meta=\"{&quot;aperture&quot;:&quot;0&quot;,&quot;credit&quot;:&quot;&quot;,&quot;camera&quot;:&quot;&quot;,&quot;caption&quot;:&quot;&quot;,&quot;created_timestamp&quot;:&quot;0&quot;,&quot;copyright&quot;:&quot;&quot;,&quot;focal_length&quot;:&quot;0&quot;,&quot;iso&quot;:&quot;0&quot;,&quot;shutter_speed&quot;:&quot;0&quot;,&quot;title&quot;:&quot;&quot;,&quot;orientation&quot;:&quot;0&quot;}\" data-image-title=\"IMG_20171118_123036dddd\" data-image-description=\"\" data-image-caption=\"\" data-medium-file=\"https:\/\/i0.wp.com\/mozaikowanie.pl\/wp-content\/uploads\/2017\/11\/IMG_20171118_123036dddd.jpg?fit=300%2C225&amp;ssl=1\" data-large-file=\"https:\/\/i0.wp.com\/mozaikowanie.pl\/wp-content\/uploads\/2017\/11\/IMG_20171118_123036dddd.jpg?fit=397%2C298&amp;ssl=1\" class=\"alignnone wp-image-2512\" src=\"https:\/\/i0.wp.com\/mozaikowanie.pl\/wp-content\/uploads\/2017\/11\/IMG_20171118_123036dddd-300x225.jpg?resize=367%2C275\" alt=\"\" width=\"367\" height=\"275\" srcset=\"https:\/\/i0.wp.com\/mozaikowanie.pl\/wp-content\/uploads\/2017\/11\/IMG_20171118_123036dddd.jpg?resize=300%2C225&amp;ssl=1 300w, https:\/\/i0.wp.com\/mozaikowanie.pl\/wp-content\/uploads\/2017\/11\/IMG_20171118_123036dddd.jpg?w=397&amp;ssl=1 397w\" sizes=\"auto, (max-width: 367px) 100vw, 367px\" \/><\/a><\/p>\n<p>&nbsp;<\/p>\n<p>&nbsp;<\/p>\n","protected":false},"excerpt":{"rendered":"<p>Wczorajszy dzie\u0144 przejdzie do mojej mozaikowej historii jako bardzo inspiruj\u0105cy.\u00a0 Uczestniczy\u0142am w\u00a0 III Forum Nauczycieli Plastyki pt. &#8222;Jak uczy\u0107 plastyki w o\u015bmioklasowej szkole podstawowej&#8221;, organizowanym przez Warszawskie Centrum Innowacji Edukacyjno-Spo\u0142ecznych ( http:\/\/www.wcies.edu.pl)\u00a0 i mia\u0142am tam mo\u017cliwo\u015b\u0107 poprowadzenia warsztatu pokazuj\u0105cego, jak wykorzysta\u0107 mozaik\u0119 w pracy z dzie\u0107mi w r\u00f3\u017cnym wieku. Dla mnie najwi\u0119kszym prze\u017cyciem by\u0142a mo\u017cliwo\u015b\u0107 &hellip; <a href=\"https:\/\/mozaikowanie.pl\/index.php\/2017\/11\/19\/jak-uczyc-plastyki-w-szkole\/\" class=\"more-link\">Czytaj dalej <span class=\"screen-reader-text\">Jak uczy\u0107 plastyki w szkole &#8211; kilka odkry\u0107<\/span> <span class=\"meta-nav\">&rarr;<\/span><\/a><\/p>\n","protected":false},"author":1,"featured_media":0,"comment_status":"open","ping_status":"open","sticky":false,"template":"","format":"standard","meta":{"jetpack_post_was_ever_published":false,"_jetpack_newsletter_access":"","_jetpack_dont_email_post_to_subs":false,"_jetpack_newsletter_tier_id":0,"_jetpack_memberships_contains_paywalled_content":false,"_jetpack_memberships_contains_paid_content":false,"footnotes":"","jetpack_publicize_message":"","jetpack_publicize_feature_enabled":true,"jetpack_social_post_already_shared":true,"jetpack_social_options":{"image_generator_settings":{"template":"highway","enabled":false},"version":2}},"categories":[1],"tags":[],"class_list":["post-2502","post","type-post","status-publish","format-standard","hentry","category-inne"],"jetpack_publicize_connections":[],"aioseo_notices":[],"jetpack_featured_media_url":"","jetpack_sharing_enabled":true,"jetpack_shortlink":"https:\/\/wp.me\/p72G1w-Em","jetpack-related-posts":[],"_links":{"self":[{"href":"https:\/\/mozaikowanie.pl\/index.php\/wp-json\/wp\/v2\/posts\/2502","targetHints":{"allow":["GET"]}}],"collection":[{"href":"https:\/\/mozaikowanie.pl\/index.php\/wp-json\/wp\/v2\/posts"}],"about":[{"href":"https:\/\/mozaikowanie.pl\/index.php\/wp-json\/wp\/v2\/types\/post"}],"author":[{"embeddable":true,"href":"https:\/\/mozaikowanie.pl\/index.php\/wp-json\/wp\/v2\/users\/1"}],"replies":[{"embeddable":true,"href":"https:\/\/mozaikowanie.pl\/index.php\/wp-json\/wp\/v2\/comments?post=2502"}],"version-history":[{"count":8,"href":"https:\/\/mozaikowanie.pl\/index.php\/wp-json\/wp\/v2\/posts\/2502\/revisions"}],"predecessor-version":[{"id":2513,"href":"https:\/\/mozaikowanie.pl\/index.php\/wp-json\/wp\/v2\/posts\/2502\/revisions\/2513"}],"wp:attachment":[{"href":"https:\/\/mozaikowanie.pl\/index.php\/wp-json\/wp\/v2\/media?parent=2502"}],"wp:term":[{"taxonomy":"category","embeddable":true,"href":"https:\/\/mozaikowanie.pl\/index.php\/wp-json\/wp\/v2\/categories?post=2502"},{"taxonomy":"post_tag","embeddable":true,"href":"https:\/\/mozaikowanie.pl\/index.php\/wp-json\/wp\/v2\/tags?post=2502"}],"curies":[{"name":"wp","href":"https:\/\/api.w.org\/{rel}","templated":true}]}}