{"id":2570,"date":"2018-01-14T13:24:03","date_gmt":"2018-01-14T12:24:03","guid":{"rendered":"http:\/\/mozaikowanie.pl\/?p=2570"},"modified":"2018-01-14T13:37:06","modified_gmt":"2018-01-14T12:37:06","slug":"kurs-portretu-technikalia","status":"publish","type":"post","link":"https:\/\/mozaikowanie.pl\/index.php\/2018\/01\/14\/kurs-portretu-technikalia\/","title":{"rendered":"Kurs portretu &#8211; technikalia"},"content":{"rendered":"<p>Portret opisywany w poprzednim po\u015bcie robili\u015bmy z mozaiki szklanej. Pracowli\u015bmy szczypcami\u00a0 kr\u0105\u017ckowymi, kt\u00f3rych do tej pory u\u017cywa\u0142am, czyli takimi jak np. szczypce kr\u0105\u017ckowe Profix firmy Proline (te czerwone):<\/p>\n<p><a href=\"https:\/\/i0.wp.com\/mozaikowanie.pl\/wp-content\/uploads\/2018\/01\/szczyp.jpg\"><img data-recalc-dims=\"1\" loading=\"lazy\" decoding=\"async\" data-attachment-id=\"2571\" data-permalink=\"https:\/\/mozaikowanie.pl\/index.php\/2018\/01\/14\/kurs-portretu-technikalia\/szczyp\/\" data-orig-file=\"https:\/\/i0.wp.com\/mozaikowanie.pl\/wp-content\/uploads\/2018\/01\/szczyp.jpg?fit=543%2C543&amp;ssl=1\" data-orig-size=\"543,543\" data-comments-opened=\"1\" data-image-meta=\"{&quot;aperture&quot;:&quot;0&quot;,&quot;credit&quot;:&quot;&quot;,&quot;camera&quot;:&quot;&quot;,&quot;caption&quot;:&quot;&quot;,&quot;created_timestamp&quot;:&quot;0&quot;,&quot;copyright&quot;:&quot;&quot;,&quot;focal_length&quot;:&quot;0&quot;,&quot;iso&quot;:&quot;0&quot;,&quot;shutter_speed&quot;:&quot;0&quot;,&quot;title&quot;:&quot;&quot;,&quot;orientation&quot;:&quot;0&quot;}\" data-image-title=\"szczyp\" data-image-description=\"\" data-image-caption=\"\" data-medium-file=\"https:\/\/i0.wp.com\/mozaikowanie.pl\/wp-content\/uploads\/2018\/01\/szczyp.jpg?fit=300%2C300&amp;ssl=1\" data-large-file=\"https:\/\/i0.wp.com\/mozaikowanie.pl\/wp-content\/uploads\/2018\/01\/szczyp.jpg?fit=474%2C474&amp;ssl=1\" class=\"alignnone wp-image-2571\" src=\"https:\/\/i0.wp.com\/mozaikowanie.pl\/wp-content\/uploads\/2018\/01\/szczyp-300x300.jpg?resize=206%2C206\" alt=\"\" width=\"206\" height=\"206\" srcset=\"https:\/\/i0.wp.com\/mozaikowanie.pl\/wp-content\/uploads\/2018\/01\/szczyp.jpg?resize=300%2C300&amp;ssl=1 300w, https:\/\/i0.wp.com\/mozaikowanie.pl\/wp-content\/uploads\/2018\/01\/szczyp.jpg?resize=150%2C150&amp;ssl=1 150w, https:\/\/i0.wp.com\/mozaikowanie.pl\/wp-content\/uploads\/2018\/01\/szczyp.jpg?w=543&amp;ssl=1 543w\" sizes=\"auto, (max-width: 206px) 100vw, 206px\" \/>\u00a0<\/a><a href=\"https:\/\/i0.wp.com\/mozaikowanie.pl\/wp-content\/uploads\/2018\/01\/zig.jpg\"><img data-recalc-dims=\"1\" loading=\"lazy\" decoding=\"async\" data-attachment-id=\"2572\" data-permalink=\"https:\/\/mozaikowanie.pl\/index.php\/2018\/01\/14\/kurs-portretu-technikalia\/zig\/\" data-orig-file=\"https:\/\/i0.wp.com\/mozaikowanie.pl\/wp-content\/uploads\/2018\/01\/zig.jpg?fit=300%2C300&amp;ssl=1\" data-orig-size=\"300,300\" data-comments-opened=\"1\" data-image-meta=\"{&quot;aperture&quot;:&quot;0&quot;,&quot;credit&quot;:&quot;&quot;,&quot;camera&quot;:&quot;&quot;,&quot;caption&quot;:&quot;&quot;,&quot;created_timestamp&quot;:&quot;0&quot;,&quot;copyright&quot;:&quot;&quot;,&quot;focal_length&quot;:&quot;0&quot;,&quot;iso&quot;:&quot;0&quot;,&quot;shutter_speed&quot;:&quot;0&quot;,&quot;title&quot;:&quot;&quot;,&quot;orientation&quot;:&quot;0&quot;}\" data-image-title=\"zig\" data-image-description=\"\" data-image-caption=\"\" data-medium-file=\"https:\/\/i0.wp.com\/mozaikowanie.pl\/wp-content\/uploads\/2018\/01\/zig.jpg?fit=300%2C300&amp;ssl=1\" data-large-file=\"https:\/\/i0.wp.com\/mozaikowanie.pl\/wp-content\/uploads\/2018\/01\/zig.jpg?fit=300%2C300&amp;ssl=1\" class=\"alignnone wp-image-2572\" src=\"https:\/\/i0.wp.com\/mozaikowanie.pl\/wp-content\/uploads\/2018\/01\/zig.jpg?resize=204%2C204\" alt=\"\" width=\"204\" height=\"204\" srcset=\"https:\/\/i0.wp.com\/mozaikowanie.pl\/wp-content\/uploads\/2018\/01\/zig.jpg?w=300&amp;ssl=1 300w, https:\/\/i0.wp.com\/mozaikowanie.pl\/wp-content\/uploads\/2018\/01\/zig.jpg?resize=150%2C150&amp;ssl=1 150w\" sizes=\"auto, (max-width: 204px) 100vw, 204px\" \/><\/a><\/p>\n<p><!--more-->Daje si\u0119 tymi szczypcami ci\u0105\u0107, ale mozaika porowata \u017cyje troch\u0119 w\u0142asnym \u017cyciem i nie jest\u00a0 to najbardziej komfortowe narz\u0119dzie, kt\u00f3re pozwala \u0142atwo wyci\u0105\u0107 wymagany kszta\u0142t. Dopiero po kursie, nieco ju\u017c zm\u0119czona stosowaniem szczypiec glazurniczych odkry\u0142am szczypce do ci\u0119cia szk\u0142a niemieckiej firmy Bohle, u\u017cycie kt\u00f3rych u\u0142atwi\u0142o mi prace przy doko\u0144czeniu portretu (to te srebrne powy\u017cej). Zn\u00f3w &#8211; nie pozwalaj\u0105 te ci\u0119cia na tak\u0105 precyzj\u0119, jak n\u00f3\u017c do szk\u0142a, ale s\u0105 bardzo dobre. Natomiast dzi\u0119ki temu, \u017ce wcze\u015bniej pracowa\u0142\u0105m na mniej idealnym narz\u0119dziu, to mam wra\u017cenie, \u017ce og\u00f3lnie moja umiej\u0119tno\u015b\u0107 ci\u0119cia szk\u0142a wesz\u0142a na nowy, wy\u017cszy poziom.<\/p>\n<p>Pracowali\u015bmy na szklanych p\u0142ytkach dostarczonych przez http:\/\/www.mozaikon.pl\u00a0:<\/p>\n<p><a href=\"https:\/\/i0.wp.com\/mozaikowanie.pl\/wp-content\/uploads\/2018\/01\/emaus.jpg\"><img data-recalc-dims=\"1\" loading=\"lazy\" decoding=\"async\" data-attachment-id=\"2575\" data-permalink=\"https:\/\/mozaikowanie.pl\/index.php\/2018\/01\/14\/kurs-portretu-technikalia\/emaus\/\" data-orig-file=\"https:\/\/i0.wp.com\/mozaikowanie.pl\/wp-content\/uploads\/2018\/01\/emaus.jpg?fit=690%2C360&amp;ssl=1\" data-orig-size=\"690,360\" data-comments-opened=\"1\" data-image-meta=\"{&quot;aperture&quot;:&quot;0&quot;,&quot;credit&quot;:&quot;&quot;,&quot;camera&quot;:&quot;&quot;,&quot;caption&quot;:&quot;&quot;,&quot;created_timestamp&quot;:&quot;0&quot;,&quot;copyright&quot;:&quot;&quot;,&quot;focal_length&quot;:&quot;0&quot;,&quot;iso&quot;:&quot;0&quot;,&quot;shutter_speed&quot;:&quot;0&quot;,&quot;title&quot;:&quot;&quot;,&quot;orientation&quot;:&quot;0&quot;}\" data-image-title=\"emaus\" data-image-description=\"\" data-image-caption=\"\" data-medium-file=\"https:\/\/i0.wp.com\/mozaikowanie.pl\/wp-content\/uploads\/2018\/01\/emaus.jpg?fit=300%2C157&amp;ssl=1\" data-large-file=\"https:\/\/i0.wp.com\/mozaikowanie.pl\/wp-content\/uploads\/2018\/01\/emaus.jpg?fit=474%2C247&amp;ssl=1\" class=\"alignnone wp-image-2575\" src=\"https:\/\/i0.wp.com\/mozaikowanie.pl\/wp-content\/uploads\/2018\/01\/emaus-300x157.jpg?resize=457%2C239\" alt=\"\" width=\"457\" height=\"239\" srcset=\"https:\/\/i0.wp.com\/mozaikowanie.pl\/wp-content\/uploads\/2018\/01\/emaus.jpg?resize=300%2C157&amp;ssl=1 300w, https:\/\/i0.wp.com\/mozaikowanie.pl\/wp-content\/uploads\/2018\/01\/emaus.jpg?w=690&amp;ssl=1 690w\" sizes=\"auto, (max-width: 457px) 100vw, 457px\" \/><\/a><\/p>\n<p>a cz\u0119\u015bciowo tak\u017ce na przywiezionych przez Profesor\u0119 z Argentyny p\u0142ytkach o nazwie <em>venecitas<\/em>, na kt\u00f3rych mia\u0142am okazj\u0119 pracowa\u0107 po raz pierwszy. Cz\u0119\u015b\u0107 z nich przypomina\u0142a z wygl\u0105du p\u0142ytki mozaiki porowatej, a cz\u0119\u015b\u0107 bardzo, bardzo cieniutk\u0105 smalt\u0119.<\/p>\n<p><a href=\"https:\/\/i0.wp.com\/mozaikowanie.pl\/wp-content\/uploads\/2018\/01\/venecitas.jpg\"><img data-recalc-dims=\"1\" loading=\"lazy\" decoding=\"async\" data-attachment-id=\"2574\" data-permalink=\"https:\/\/mozaikowanie.pl\/index.php\/2018\/01\/14\/kurs-portretu-technikalia\/venecitas\/\" data-orig-file=\"https:\/\/i0.wp.com\/mozaikowanie.pl\/wp-content\/uploads\/2018\/01\/venecitas.jpg?fit=811%2C608&amp;ssl=1\" data-orig-size=\"811,608\" data-comments-opened=\"1\" data-image-meta=\"{&quot;aperture&quot;:&quot;0&quot;,&quot;credit&quot;:&quot;&quot;,&quot;camera&quot;:&quot;&quot;,&quot;caption&quot;:&quot;&quot;,&quot;created_timestamp&quot;:&quot;0&quot;,&quot;copyright&quot;:&quot;&quot;,&quot;focal_length&quot;:&quot;0&quot;,&quot;iso&quot;:&quot;0&quot;,&quot;shutter_speed&quot;:&quot;0&quot;,&quot;title&quot;:&quot;&quot;,&quot;orientation&quot;:&quot;0&quot;}\" data-image-title=\"venecitas\" data-image-description=\"\" data-image-caption=\"\" data-medium-file=\"https:\/\/i0.wp.com\/mozaikowanie.pl\/wp-content\/uploads\/2018\/01\/venecitas.jpg?fit=300%2C225&amp;ssl=1\" data-large-file=\"https:\/\/i0.wp.com\/mozaikowanie.pl\/wp-content\/uploads\/2018\/01\/venecitas.jpg?fit=474%2C355&amp;ssl=1\" class=\"alignnone wp-image-2574\" src=\"https:\/\/i0.wp.com\/mozaikowanie.pl\/wp-content\/uploads\/2018\/01\/venecitas-300x225.jpg?resize=423%2C317\" alt=\"\" width=\"423\" height=\"317\" srcset=\"https:\/\/i0.wp.com\/mozaikowanie.pl\/wp-content\/uploads\/2018\/01\/venecitas.jpg?resize=300%2C225&amp;ssl=1 300w, https:\/\/i0.wp.com\/mozaikowanie.pl\/wp-content\/uploads\/2018\/01\/venecitas.jpg?resize=768%2C576&amp;ssl=1 768w, https:\/\/i0.wp.com\/mozaikowanie.pl\/wp-content\/uploads\/2018\/01\/venecitas.jpg?w=811&amp;ssl=1 811w\" sizes=\"auto, (max-width: 423px) 100vw, 423px\" \/><\/a><\/p>\n<p>Na zdj\u0119ciu powy\u017cej widzicie te drugie \u2013 na powierzchni mog\u0105 mie\u0107 r\u00f3\u017cne odcienie od karminowego po prawie czarny, ale po przeci\u0119ciu w \u015brodku maj\u0105 pi\u0119kny kolor sjeny palonej.\u00a0 Znacznie \u0142atwiej mo\u017cna je by\u0142o ci\u0105\u0107 szczypcami do p\u0142ytek ceramicznych.<\/p>\n<p>Niestety nie mam poj\u0119cia, gdzie mo\u017cna kupi\u0107 w Europie venecitas &#8211; je\u017celi znacie takie \u017ar\u00f3d\u0142o, to dajcie mi prosz\u0119 zna\u0107 w komentarzach. Sprowadzanie ich z Argentyny\u00a0 to troch\u0119 za ambitny plan&#8230; A s\u0105 naprawd\u0119 wspania\u0142e!<\/p>\n<p>Portrety robili\u015bmy na p\u0142ytach OSB, kt\u00f3re sprawdzi\u0142y si\u0119 bardzo dobrze.\u00a0 Innym pod\u0142o\u017cem, kt\u00f3rego mogliby\u015bmy u\u017cy\u0107 by\u0142a p\u0142yta wi\u00f3rowa &#8211; pewnie nawet \u0142atwiej da\u0142oby si\u0119 na niej rysowa\u0107, ale p\u0142yta, kt\u00f3r\u0105 mieli\u015bmy by\u0142a dostatecznie dobra.<\/p>\n<p>&nbsp;<\/p>\n<p>&nbsp;<\/p>\n","protected":false},"excerpt":{"rendered":"<p>Portret opisywany w poprzednim po\u015bcie robili\u015bmy z mozaiki szklanej. Pracowli\u015bmy szczypcami\u00a0 kr\u0105\u017ckowymi, kt\u00f3rych do tej pory u\u017cywa\u0142am, czyli takimi jak np. szczypce kr\u0105\u017ckowe Profix firmy Proline (te czerwone): \u00a0<\/p>\n","protected":false},"author":1,"featured_media":0,"comment_status":"open","ping_status":"open","sticky":false,"template":"","format":"standard","meta":{"jetpack_post_was_ever_published":false,"_jetpack_newsletter_access":"","_jetpack_dont_email_post_to_subs":false,"_jetpack_newsletter_tier_id":0,"_jetpack_memberships_contains_paywalled_content":false,"_jetpack_memberships_contains_paid_content":false,"footnotes":"","jetpack_publicize_message":"","jetpack_publicize_feature_enabled":true,"jetpack_social_post_already_shared":true,"jetpack_social_options":{"image_generator_settings":{"template":"highway","enabled":false},"version":2}},"categories":[4],"tags":[],"class_list":["post-2570","post","type-post","status-publish","format-standard","hentry","category-materialy-i-techniki"],"jetpack_publicize_connections":[],"aioseo_notices":[],"jetpack_featured_media_url":"","jetpack_sharing_enabled":true,"jetpack_shortlink":"https:\/\/wp.me\/p72G1w-Fs","jetpack-related-posts":[],"_links":{"self":[{"href":"https:\/\/mozaikowanie.pl\/index.php\/wp-json\/wp\/v2\/posts\/2570","targetHints":{"allow":["GET"]}}],"collection":[{"href":"https:\/\/mozaikowanie.pl\/index.php\/wp-json\/wp\/v2\/posts"}],"about":[{"href":"https:\/\/mozaikowanie.pl\/index.php\/wp-json\/wp\/v2\/types\/post"}],"author":[{"embeddable":true,"href":"https:\/\/mozaikowanie.pl\/index.php\/wp-json\/wp\/v2\/users\/1"}],"replies":[{"embeddable":true,"href":"https:\/\/mozaikowanie.pl\/index.php\/wp-json\/wp\/v2\/comments?post=2570"}],"version-history":[{"count":8,"href":"https:\/\/mozaikowanie.pl\/index.php\/wp-json\/wp\/v2\/posts\/2570\/revisions"}],"predecessor-version":[{"id":2585,"href":"https:\/\/mozaikowanie.pl\/index.php\/wp-json\/wp\/v2\/posts\/2570\/revisions\/2585"}],"wp:attachment":[{"href":"https:\/\/mozaikowanie.pl\/index.php\/wp-json\/wp\/v2\/media?parent=2570"}],"wp:term":[{"taxonomy":"category","embeddable":true,"href":"https:\/\/mozaikowanie.pl\/index.php\/wp-json\/wp\/v2\/categories?post=2570"},{"taxonomy":"post_tag","embeddable":true,"href":"https:\/\/mozaikowanie.pl\/index.php\/wp-json\/wp\/v2\/tags?post=2570"}],"curies":[{"name":"wp","href":"https:\/\/api.w.org\/{rel}","templated":true}]}}