{"id":2879,"date":"2019-04-02T19:18:58","date_gmt":"2019-04-02T17:18:58","guid":{"rendered":"http:\/\/mozaikowanie.pl\/?p=2879"},"modified":"2019-04-02T19:30:34","modified_gmt":"2019-04-02T17:30:34","slug":"wiosna-w-mediolanie","status":"publish","type":"post","link":"https:\/\/mozaikowanie.pl\/index.php\/2019\/04\/02\/wiosna-w-mediolanie\/","title":{"rendered":"Wiosna w Mediolanie"},"content":{"rendered":"<p>Do Mediolanu je\u017adzi si\u0119 ogl\u0105da\u0107 g\u0142\u00f3wnie il Duomo, czyli katedr\u0119, &#8222;Ostatni\u0105 Wieczerz\u0119&#8221; i galeri\u0119 Wiktora Emanuela II. Od kilkunastu lat s\u0142owo &#8222;galeria&#8221; sta\u0142o si\u0119 dla mnie w j\u0119zyku polskim nieco myl\u0105ce, w tym przypadku jest nie inaczej, bo te\u017c chodzi o sklep, a nie \u015bwi\u0105tyni\u0119 sztuki.\u00a0 Ale &#8211; przynajmniej ten pasa\u017c sklepowy jest przepi\u0119knym budynkiem z&#8230; tak, zgadli\u015bcie. Z mozaikami.<\/p>\n<figure id=\"attachment_2881\" aria-describedby=\"caption-attachment-2881\" style=\"width: 455px\" class=\"wp-caption alignnone\"><a href=\"https:\/\/i0.wp.com\/mozaikowanie.pl\/wp-content\/uploads\/2019\/03\/galeria_vittorio_milan.jpg\"><img data-recalc-dims=\"1\" loading=\"lazy\" decoding=\"async\" data-attachment-id=\"2881\" data-permalink=\"https:\/\/mozaikowanie.pl\/index.php\/2019\/04\/02\/wiosna-w-mediolanie\/galeria_vittorio_milan\/\" data-orig-file=\"https:\/\/i0.wp.com\/mozaikowanie.pl\/wp-content\/uploads\/2019\/03\/galeria_vittorio_milan.jpg?fit=396%2C297&amp;ssl=1\" data-orig-size=\"396,297\" data-comments-opened=\"1\" data-image-meta=\"{&quot;aperture&quot;:&quot;0&quot;,&quot;credit&quot;:&quot;&quot;,&quot;camera&quot;:&quot;&quot;,&quot;caption&quot;:&quot;&quot;,&quot;created_timestamp&quot;:&quot;0&quot;,&quot;copyright&quot;:&quot;&quot;,&quot;focal_length&quot;:&quot;0&quot;,&quot;iso&quot;:&quot;0&quot;,&quot;shutter_speed&quot;:&quot;0&quot;,&quot;title&quot;:&quot;&quot;,&quot;orientation&quot;:&quot;0&quot;}\" data-image-title=\"galeria_vittorio_milan\" data-image-description=\"\" data-image-caption=\"&lt;p&gt;galeria Vittorio Emmanuele II&lt;\/p&gt;\n\" data-medium-file=\"https:\/\/i0.wp.com\/mozaikowanie.pl\/wp-content\/uploads\/2019\/03\/galeria_vittorio_milan.jpg?fit=300%2C225&amp;ssl=1\" data-large-file=\"https:\/\/i0.wp.com\/mozaikowanie.pl\/wp-content\/uploads\/2019\/03\/galeria_vittorio_milan.jpg?fit=396%2C297&amp;ssl=1\" class=\"wp-image-2881\" src=\"https:\/\/i0.wp.com\/mozaikowanie.pl\/wp-content\/uploads\/2019\/03\/galeria_vittorio_milan-300x225.jpg?resize=455%2C341\" alt=\"\" width=\"455\" height=\"341\" srcset=\"https:\/\/i0.wp.com\/mozaikowanie.pl\/wp-content\/uploads\/2019\/03\/galeria_vittorio_milan.jpg?resize=300%2C225&amp;ssl=1 300w, https:\/\/i0.wp.com\/mozaikowanie.pl\/wp-content\/uploads\/2019\/03\/galeria_vittorio_milan.jpg?w=396&amp;ssl=1 396w\" sizes=\"auto, (max-width: 455px) 100vw, 455px\" \/><\/a><figcaption id=\"caption-attachment-2881\" class=\"wp-caption-text\">widok na Galeri\u0119 Vittorio Emanuele II z Museo Del Novecento<\/figcaption><\/figure>\n<p><!--more-->Galeria Vittorio Emanuele II powsta\u0142a w latach sze\u015bdziesi\u0105tych XIX wieku.\u00a0 Posadzka jest wymozaikowana, a w g\u0142\u00f3wnej cz\u0119\u015bci na ziemi znajduj\u0105 si\u0119 mozaiki przestawiaj\u0105ce herby czterech w\u0142oskich miast, czyli Mediolanu:<\/p>\n<p><a href=\"https:\/\/i0.wp.com\/mozaikowanie.pl\/wp-content\/uploads\/2019\/04\/herb_mediolanu_mozaika.jpg\"><img data-recalc-dims=\"1\" loading=\"lazy\" decoding=\"async\" data-attachment-id=\"2890\" data-permalink=\"https:\/\/mozaikowanie.pl\/index.php\/2019\/04\/02\/wiosna-w-mediolanie\/herb_mediolanu_mozaika\/\" data-orig-file=\"https:\/\/i0.wp.com\/mozaikowanie.pl\/wp-content\/uploads\/2019\/04\/herb_mediolanu_mozaika.jpg?fit=776%2C1035&amp;ssl=1\" data-orig-size=\"776,1035\" data-comments-opened=\"1\" data-image-meta=\"{&quot;aperture&quot;:&quot;0&quot;,&quot;credit&quot;:&quot;&quot;,&quot;camera&quot;:&quot;&quot;,&quot;caption&quot;:&quot;&quot;,&quot;created_timestamp&quot;:&quot;0&quot;,&quot;copyright&quot;:&quot;&quot;,&quot;focal_length&quot;:&quot;0&quot;,&quot;iso&quot;:&quot;0&quot;,&quot;shutter_speed&quot;:&quot;0&quot;,&quot;title&quot;:&quot;&quot;,&quot;orientation&quot;:&quot;0&quot;}\" data-image-title=\"herb_mediolanu_mozaika\" data-image-description=\"\" data-image-caption=\"\" data-medium-file=\"https:\/\/i0.wp.com\/mozaikowanie.pl\/wp-content\/uploads\/2019\/04\/herb_mediolanu_mozaika.jpg?fit=225%2C300&amp;ssl=1\" data-large-file=\"https:\/\/i0.wp.com\/mozaikowanie.pl\/wp-content\/uploads\/2019\/04\/herb_mediolanu_mozaika.jpg?fit=474%2C632&amp;ssl=1\" class=\"alignnone size-medium wp-image-2890\" src=\"https:\/\/i0.wp.com\/mozaikowanie.pl\/wp-content\/uploads\/2019\/04\/herb_mediolanu_mozaika-225x300.jpg?resize=225%2C300\" alt=\"\" width=\"225\" height=\"300\" srcset=\"https:\/\/i0.wp.com\/mozaikowanie.pl\/wp-content\/uploads\/2019\/04\/herb_mediolanu_mozaika.jpg?resize=225%2C300&amp;ssl=1 225w, https:\/\/i0.wp.com\/mozaikowanie.pl\/wp-content\/uploads\/2019\/04\/herb_mediolanu_mozaika.jpg?resize=768%2C1024&amp;ssl=1 768w, https:\/\/i0.wp.com\/mozaikowanie.pl\/wp-content\/uploads\/2019\/04\/herb_mediolanu_mozaika.jpg?w=776&amp;ssl=1 776w\" sizes=\"auto, (max-width: 225px) 100vw, 225px\" \/><\/a><\/p>\n<p>Florencji:<\/p>\n<p><a href=\"https:\/\/i0.wp.com\/mozaikowanie.pl\/wp-content\/uploads\/2019\/04\/herb_florencji.jpg\"><img data-recalc-dims=\"1\" loading=\"lazy\" decoding=\"async\" data-attachment-id=\"2889\" data-permalink=\"https:\/\/mozaikowanie.pl\/index.php\/2019\/04\/02\/wiosna-w-mediolanie\/herb_florencji\/\" data-orig-file=\"https:\/\/i0.wp.com\/mozaikowanie.pl\/wp-content\/uploads\/2019\/04\/herb_florencji.jpg?fit=706%2C941&amp;ssl=1\" data-orig-size=\"706,941\" data-comments-opened=\"1\" data-image-meta=\"{&quot;aperture&quot;:&quot;0&quot;,&quot;credit&quot;:&quot;&quot;,&quot;camera&quot;:&quot;&quot;,&quot;caption&quot;:&quot;&quot;,&quot;created_timestamp&quot;:&quot;0&quot;,&quot;copyright&quot;:&quot;&quot;,&quot;focal_length&quot;:&quot;0&quot;,&quot;iso&quot;:&quot;0&quot;,&quot;shutter_speed&quot;:&quot;0&quot;,&quot;title&quot;:&quot;&quot;,&quot;orientation&quot;:&quot;0&quot;}\" data-image-title=\"herb_florencji\" data-image-description=\"\" data-image-caption=\"\" data-medium-file=\"https:\/\/i0.wp.com\/mozaikowanie.pl\/wp-content\/uploads\/2019\/04\/herb_florencji.jpg?fit=225%2C300&amp;ssl=1\" data-large-file=\"https:\/\/i0.wp.com\/mozaikowanie.pl\/wp-content\/uploads\/2019\/04\/herb_florencji.jpg?fit=474%2C632&amp;ssl=1\" class=\"alignnone size-medium wp-image-2889\" src=\"https:\/\/i0.wp.com\/mozaikowanie.pl\/wp-content\/uploads\/2019\/04\/herb_florencji-225x300.jpg?resize=225%2C300\" alt=\"\" width=\"225\" height=\"300\" srcset=\"https:\/\/i0.wp.com\/mozaikowanie.pl\/wp-content\/uploads\/2019\/04\/herb_florencji.jpg?resize=225%2C300&amp;ssl=1 225w, https:\/\/i0.wp.com\/mozaikowanie.pl\/wp-content\/uploads\/2019\/04\/herb_florencji.jpg?w=706&amp;ssl=1 706w\" sizes=\"auto, (max-width: 225px) 100vw, 225px\" \/><\/a><\/p>\n<p>Rzymu:<\/p>\n<p><a href=\"https:\/\/i0.wp.com\/mozaikowanie.pl\/wp-content\/uploads\/2019\/04\/herb_Rzymu_mozaika.jpg\"><img data-recalc-dims=\"1\" loading=\"lazy\" decoding=\"async\" data-attachment-id=\"2896\" data-permalink=\"https:\/\/mozaikowanie.pl\/index.php\/2019\/04\/02\/wiosna-w-mediolanie\/herb_rzymu_mozaika\/\" data-orig-file=\"https:\/\/i0.wp.com\/mozaikowanie.pl\/wp-content\/uploads\/2019\/04\/herb_Rzymu_mozaika.jpg?fit=709%2C709&amp;ssl=1\" data-orig-size=\"709,709\" data-comments-opened=\"1\" data-image-meta=\"{&quot;aperture&quot;:&quot;0&quot;,&quot;credit&quot;:&quot;&quot;,&quot;camera&quot;:&quot;&quot;,&quot;caption&quot;:&quot;&quot;,&quot;created_timestamp&quot;:&quot;0&quot;,&quot;copyright&quot;:&quot;&quot;,&quot;focal_length&quot;:&quot;0&quot;,&quot;iso&quot;:&quot;0&quot;,&quot;shutter_speed&quot;:&quot;0&quot;,&quot;title&quot;:&quot;&quot;,&quot;orientation&quot;:&quot;0&quot;}\" data-image-title=\"herb_Rzymu_mozaika\" data-image-description=\"\" data-image-caption=\"\" data-medium-file=\"https:\/\/i0.wp.com\/mozaikowanie.pl\/wp-content\/uploads\/2019\/04\/herb_Rzymu_mozaika.jpg?fit=300%2C300&amp;ssl=1\" data-large-file=\"https:\/\/i0.wp.com\/mozaikowanie.pl\/wp-content\/uploads\/2019\/04\/herb_Rzymu_mozaika.jpg?fit=474%2C474&amp;ssl=1\" class=\"alignnone size-medium wp-image-2896\" src=\"https:\/\/i0.wp.com\/mozaikowanie.pl\/wp-content\/uploads\/2019\/04\/herb_Rzymu_mozaika-300x300.jpg?resize=300%2C300\" alt=\"\" width=\"300\" height=\"300\" srcset=\"https:\/\/i0.wp.com\/mozaikowanie.pl\/wp-content\/uploads\/2019\/04\/herb_Rzymu_mozaika.jpg?resize=300%2C300&amp;ssl=1 300w, https:\/\/i0.wp.com\/mozaikowanie.pl\/wp-content\/uploads\/2019\/04\/herb_Rzymu_mozaika.jpg?resize=150%2C150&amp;ssl=1 150w, https:\/\/i0.wp.com\/mozaikowanie.pl\/wp-content\/uploads\/2019\/04\/herb_Rzymu_mozaika.jpg?w=709&amp;ssl=1 709w\" sizes=\"auto, (max-width: 300px) 100vw, 300px\" \/><\/a><\/p>\n<p>i Turynu.<\/p>\n<p><a href=\"https:\/\/i0.wp.com\/mozaikowanie.pl\/wp-content\/uploads\/2019\/04\/herb_Turynu_mozaika.jpg\"><img data-recalc-dims=\"1\" loading=\"lazy\" decoding=\"async\" data-attachment-id=\"2897\" data-permalink=\"https:\/\/mozaikowanie.pl\/index.php\/2019\/04\/02\/wiosna-w-mediolanie\/herb_turynu_mozaika\/\" data-orig-file=\"https:\/\/i0.wp.com\/mozaikowanie.pl\/wp-content\/uploads\/2019\/04\/herb_Turynu_mozaika.jpg?fit=712%2C712&amp;ssl=1\" data-orig-size=\"712,712\" data-comments-opened=\"1\" data-image-meta=\"{&quot;aperture&quot;:&quot;0&quot;,&quot;credit&quot;:&quot;&quot;,&quot;camera&quot;:&quot;&quot;,&quot;caption&quot;:&quot;&quot;,&quot;created_timestamp&quot;:&quot;0&quot;,&quot;copyright&quot;:&quot;&quot;,&quot;focal_length&quot;:&quot;0&quot;,&quot;iso&quot;:&quot;0&quot;,&quot;shutter_speed&quot;:&quot;0&quot;,&quot;title&quot;:&quot;&quot;,&quot;orientation&quot;:&quot;0&quot;}\" data-image-title=\"herb_Turynu_mozaika\" data-image-description=\"\" data-image-caption=\"\" data-medium-file=\"https:\/\/i0.wp.com\/mozaikowanie.pl\/wp-content\/uploads\/2019\/04\/herb_Turynu_mozaika.jpg?fit=300%2C300&amp;ssl=1\" data-large-file=\"https:\/\/i0.wp.com\/mozaikowanie.pl\/wp-content\/uploads\/2019\/04\/herb_Turynu_mozaika.jpg?fit=474%2C474&amp;ssl=1\" class=\"alignnone size-medium wp-image-2897\" src=\"https:\/\/i0.wp.com\/mozaikowanie.pl\/wp-content\/uploads\/2019\/04\/herb_Turynu_mozaika-300x300.jpg?resize=300%2C300\" alt=\"\" width=\"300\" height=\"300\" srcset=\"https:\/\/i0.wp.com\/mozaikowanie.pl\/wp-content\/uploads\/2019\/04\/herb_Turynu_mozaika.jpg?resize=300%2C300&amp;ssl=1 300w, https:\/\/i0.wp.com\/mozaikowanie.pl\/wp-content\/uploads\/2019\/04\/herb_Turynu_mozaika.jpg?resize=150%2C150&amp;ssl=1 150w, https:\/\/i0.wp.com\/mozaikowanie.pl\/wp-content\/uploads\/2019\/04\/herb_Turynu_mozaika.jpg?w=712&amp;ssl=1 712w\" sizes=\"auto, (max-width: 300px) 100vw, 300px\" \/><\/a><\/p>\n<p>Pono\u0107 kto 3 razy obr\u00f3ci si\u0119 na na pi\u0119cie prawej stopy ustawionej w byczych genitaliach w herbie Turynu ma mie\u0107 zapewnione szcz\u0119\u015bcie w \u017cyciu, ale to sprawdzone nie jest, natomiast bykowi wci\u0105\u017c pono\u0107 trzeba uzupe\u0142nia\u0107 nadwyr\u0119\u017con\u0105 przez turyst\u00f3w cenn\u0105 cz\u0119\u015b\u0107 cia\u0142a.<\/p>\n<p><a href=\"https:\/\/i0.wp.com\/mozaikowanie.pl\/wp-content\/uploads\/2019\/04\/byk_krecenie.jpg\"><img data-recalc-dims=\"1\" loading=\"lazy\" decoding=\"async\" data-attachment-id=\"2887\" data-permalink=\"https:\/\/mozaikowanie.pl\/index.php\/2019\/04\/02\/wiosna-w-mediolanie\/byk_krecenie\/\" data-orig-file=\"https:\/\/i0.wp.com\/mozaikowanie.pl\/wp-content\/uploads\/2019\/04\/byk_krecenie.jpg?fit=350%2C200&amp;ssl=1\" data-orig-size=\"350,200\" data-comments-opened=\"1\" data-image-meta=\"{&quot;aperture&quot;:&quot;0&quot;,&quot;credit&quot;:&quot;&quot;,&quot;camera&quot;:&quot;&quot;,&quot;caption&quot;:&quot;&quot;,&quot;created_timestamp&quot;:&quot;0&quot;,&quot;copyright&quot;:&quot;&quot;,&quot;focal_length&quot;:&quot;0&quot;,&quot;iso&quot;:&quot;0&quot;,&quot;shutter_speed&quot;:&quot;0&quot;,&quot;title&quot;:&quot;&quot;,&quot;orientation&quot;:&quot;0&quot;}\" data-image-title=\"byk_krecenie\" data-image-description=\"\" data-image-caption=\"\" data-medium-file=\"https:\/\/i0.wp.com\/mozaikowanie.pl\/wp-content\/uploads\/2019\/04\/byk_krecenie.jpg?fit=300%2C171&amp;ssl=1\" data-large-file=\"https:\/\/i0.wp.com\/mozaikowanie.pl\/wp-content\/uploads\/2019\/04\/byk_krecenie.jpg?fit=350%2C200&amp;ssl=1\" class=\"alignnone size-medium wp-image-2887\" src=\"https:\/\/i0.wp.com\/mozaikowanie.pl\/wp-content\/uploads\/2019\/04\/byk_krecenie-300x171.jpg?resize=300%2C171\" alt=\"\" width=\"300\" height=\"171\" srcset=\"https:\/\/i0.wp.com\/mozaikowanie.pl\/wp-content\/uploads\/2019\/04\/byk_krecenie.jpg?resize=300%2C171&amp;ssl=1 300w, https:\/\/i0.wp.com\/mozaikowanie.pl\/wp-content\/uploads\/2019\/04\/byk_krecenie.jpg?w=350&amp;ssl=1 350w\" sizes=\"auto, (max-width: 300px) 100vw, 300px\" \/><\/a><\/p>\n<p>Mozaiki znajduj\u0105 si\u0119 te\u017c pod samym sufietem, jednak nie jest \u0142atwo je sfotografowa\u0107, niestety. Na pociech\u0119 jeszcze dwa detale z posadzki w galerii:<\/p>\n<p><a href=\"https:\/\/i0.wp.com\/mozaikowanie.pl\/wp-content\/uploads\/2019\/04\/galeriaVE2.jpg\"><img data-recalc-dims=\"1\" loading=\"lazy\" decoding=\"async\" data-attachment-id=\"2907\" data-permalink=\"https:\/\/mozaikowanie.pl\/index.php\/2019\/04\/02\/wiosna-w-mediolanie\/galeriave2\/\" data-orig-file=\"https:\/\/i0.wp.com\/mozaikowanie.pl\/wp-content\/uploads\/2019\/04\/galeriaVE2.jpg?fit=971%2C728&amp;ssl=1\" data-orig-size=\"971,728\" data-comments-opened=\"1\" data-image-meta=\"{&quot;aperture&quot;:&quot;0&quot;,&quot;credit&quot;:&quot;&quot;,&quot;camera&quot;:&quot;&quot;,&quot;caption&quot;:&quot;&quot;,&quot;created_timestamp&quot;:&quot;0&quot;,&quot;copyright&quot;:&quot;&quot;,&quot;focal_length&quot;:&quot;0&quot;,&quot;iso&quot;:&quot;0&quot;,&quot;shutter_speed&quot;:&quot;0&quot;,&quot;title&quot;:&quot;&quot;,&quot;orientation&quot;:&quot;0&quot;}\" data-image-title=\"galeriaVE2\" data-image-description=\"\" data-image-caption=\"\" data-medium-file=\"https:\/\/i0.wp.com\/mozaikowanie.pl\/wp-content\/uploads\/2019\/04\/galeriaVE2.jpg?fit=300%2C225&amp;ssl=1\" data-large-file=\"https:\/\/i0.wp.com\/mozaikowanie.pl\/wp-content\/uploads\/2019\/04\/galeriaVE2.jpg?fit=474%2C355&amp;ssl=1\" class=\"alignnone size-medium wp-image-2907\" src=\"https:\/\/i0.wp.com\/mozaikowanie.pl\/wp-content\/uploads\/2019\/04\/galeriaVE2-300x225.jpg?resize=300%2C225\" alt=\"\" width=\"300\" height=\"225\" srcset=\"https:\/\/i0.wp.com\/mozaikowanie.pl\/wp-content\/uploads\/2019\/04\/galeriaVE2.jpg?resize=300%2C225&amp;ssl=1 300w, https:\/\/i0.wp.com\/mozaikowanie.pl\/wp-content\/uploads\/2019\/04\/galeriaVE2.jpg?resize=768%2C576&amp;ssl=1 768w, https:\/\/i0.wp.com\/mozaikowanie.pl\/wp-content\/uploads\/2019\/04\/galeriaVE2.jpg?w=971&amp;ssl=1 971w\" sizes=\"auto, (max-width: 300px) 100vw, 300px\" \/><\/a><\/p>\n<p><a href=\"https:\/\/i0.wp.com\/mozaikowanie.pl\/wp-content\/uploads\/2019\/03\/galeria_detal.jpg\"><img data-recalc-dims=\"1\" loading=\"lazy\" decoding=\"async\" data-attachment-id=\"2882\" data-permalink=\"https:\/\/mozaikowanie.pl\/index.php\/2019\/04\/02\/wiosna-w-mediolanie\/galeria_detal\/\" data-orig-file=\"https:\/\/i0.wp.com\/mozaikowanie.pl\/wp-content\/uploads\/2019\/03\/galeria_detal.jpg?fit=300%2C300&amp;ssl=1\" data-orig-size=\"300,300\" data-comments-opened=\"1\" data-image-meta=\"{&quot;aperture&quot;:&quot;0&quot;,&quot;credit&quot;:&quot;&quot;,&quot;camera&quot;:&quot;&quot;,&quot;caption&quot;:&quot;&quot;,&quot;created_timestamp&quot;:&quot;0&quot;,&quot;copyright&quot;:&quot;&quot;,&quot;focal_length&quot;:&quot;0&quot;,&quot;iso&quot;:&quot;0&quot;,&quot;shutter_speed&quot;:&quot;0&quot;,&quot;title&quot;:&quot;&quot;,&quot;orientation&quot;:&quot;0&quot;}\" data-image-title=\"galeria_detal\" data-image-description=\"&lt;p&gt;Mozaika galeria Wiktora Emmanuela, detal&lt;\/p&gt;\n\" data-image-caption=\"\" data-medium-file=\"https:\/\/i0.wp.com\/mozaikowanie.pl\/wp-content\/uploads\/2019\/03\/galeria_detal.jpg?fit=300%2C300&amp;ssl=1\" data-large-file=\"https:\/\/i0.wp.com\/mozaikowanie.pl\/wp-content\/uploads\/2019\/03\/galeria_detal.jpg?fit=300%2C300&amp;ssl=1\" class=\"alignnone size-full wp-image-2882\" src=\"https:\/\/i0.wp.com\/mozaikowanie.pl\/wp-content\/uploads\/2019\/03\/galeria_detal.jpg?resize=300%2C300\" alt=\"\" width=\"300\" height=\"300\" srcset=\"https:\/\/i0.wp.com\/mozaikowanie.pl\/wp-content\/uploads\/2019\/03\/galeria_detal.jpg?w=300&amp;ssl=1 300w, https:\/\/i0.wp.com\/mozaikowanie.pl\/wp-content\/uploads\/2019\/03\/galeria_detal.jpg?resize=150%2C150&amp;ssl=1 150w\" sizes=\"auto, (max-width: 300px) 100vw, 300px\" \/><\/a><\/p>\n<p>Maszeruj\u0105c z il Duomo g\u0142\u00f3wn\u0105 ulic\u0105 zakupow\u0105, czyli Corso Vittorio Emanuele II, mo\u017cna wst\u0105pi\u0107 do sklepu Zary, gdzie te\u017c znajduj\u0105 si\u0119 na \u015bcianach pi\u0119kne mozaiki:<\/p>\n<p><a href=\"https:\/\/i0.wp.com\/mozaikowanie.pl\/wp-content\/uploads\/2019\/04\/zara_milano_mosaic.jpg\"><img data-recalc-dims=\"1\" loading=\"lazy\" decoding=\"async\" data-attachment-id=\"2899\" data-permalink=\"https:\/\/mozaikowanie.pl\/index.php\/2019\/04\/02\/wiosna-w-mediolanie\/zara_milano_mosaic\/\" data-orig-file=\"https:\/\/i0.wp.com\/mozaikowanie.pl\/wp-content\/uploads\/2019\/04\/zara_milano_mosaic.jpg?fit=776%2C1035&amp;ssl=1\" data-orig-size=\"776,1035\" data-comments-opened=\"1\" data-image-meta=\"{&quot;aperture&quot;:&quot;0&quot;,&quot;credit&quot;:&quot;&quot;,&quot;camera&quot;:&quot;&quot;,&quot;caption&quot;:&quot;&quot;,&quot;created_timestamp&quot;:&quot;0&quot;,&quot;copyright&quot;:&quot;&quot;,&quot;focal_length&quot;:&quot;0&quot;,&quot;iso&quot;:&quot;0&quot;,&quot;shutter_speed&quot;:&quot;0&quot;,&quot;title&quot;:&quot;&quot;,&quot;orientation&quot;:&quot;0&quot;}\" data-image-title=\"zara_milano_mosaic\" data-image-description=\"\" data-image-caption=\"\" data-medium-file=\"https:\/\/i0.wp.com\/mozaikowanie.pl\/wp-content\/uploads\/2019\/04\/zara_milano_mosaic.jpg?fit=225%2C300&amp;ssl=1\" data-large-file=\"https:\/\/i0.wp.com\/mozaikowanie.pl\/wp-content\/uploads\/2019\/04\/zara_milano_mosaic.jpg?fit=474%2C632&amp;ssl=1\" class=\"alignnone size-medium wp-image-2899\" src=\"https:\/\/i0.wp.com\/mozaikowanie.pl\/wp-content\/uploads\/2019\/04\/zara_milano_mosaic-225x300.jpg?resize=225%2C300\" alt=\"\" width=\"225\" height=\"300\" srcset=\"https:\/\/i0.wp.com\/mozaikowanie.pl\/wp-content\/uploads\/2019\/04\/zara_milano_mosaic.jpg?resize=225%2C300&amp;ssl=1 225w, https:\/\/i0.wp.com\/mozaikowanie.pl\/wp-content\/uploads\/2019\/04\/zara_milano_mosaic.jpg?resize=768%2C1024&amp;ssl=1 768w, https:\/\/i0.wp.com\/mozaikowanie.pl\/wp-content\/uploads\/2019\/04\/zara_milano_mosaic.jpg?w=776&amp;ssl=1 776w\" sizes=\"auto, (max-width: 225px) 100vw, 225px\" \/><\/a><\/p>\n<p><a href=\"https:\/\/i0.wp.com\/mozaikowanie.pl\/wp-content\/uploads\/2019\/04\/castelloZara-1.jpg\"><img data-recalc-dims=\"1\" loading=\"lazy\" decoding=\"async\" data-attachment-id=\"2900\" data-permalink=\"https:\/\/mozaikowanie.pl\/index.php\/2019\/04\/02\/wiosna-w-mediolanie\/castellozara-1\/\" data-orig-file=\"https:\/\/i0.wp.com\/mozaikowanie.pl\/wp-content\/uploads\/2019\/04\/castelloZara-1.jpg?fit=776%2C1035&amp;ssl=1\" data-orig-size=\"776,1035\" data-comments-opened=\"1\" data-image-meta=\"{&quot;aperture&quot;:&quot;0&quot;,&quot;credit&quot;:&quot;&quot;,&quot;camera&quot;:&quot;&quot;,&quot;caption&quot;:&quot;&quot;,&quot;created_timestamp&quot;:&quot;0&quot;,&quot;copyright&quot;:&quot;&quot;,&quot;focal_length&quot;:&quot;0&quot;,&quot;iso&quot;:&quot;0&quot;,&quot;shutter_speed&quot;:&quot;0&quot;,&quot;title&quot;:&quot;&quot;,&quot;orientation&quot;:&quot;0&quot;}\" data-image-title=\"castelloZara (1)\" data-image-description=\"\" data-image-caption=\"\" data-medium-file=\"https:\/\/i0.wp.com\/mozaikowanie.pl\/wp-content\/uploads\/2019\/04\/castelloZara-1.jpg?fit=225%2C300&amp;ssl=1\" data-large-file=\"https:\/\/i0.wp.com\/mozaikowanie.pl\/wp-content\/uploads\/2019\/04\/castelloZara-1.jpg?fit=474%2C632&amp;ssl=1\" class=\"alignnone size-medium wp-image-2900\" src=\"https:\/\/i0.wp.com\/mozaikowanie.pl\/wp-content\/uploads\/2019\/04\/castelloZara-1-225x300.jpg?resize=225%2C300\" alt=\"\" width=\"225\" height=\"300\" srcset=\"https:\/\/i0.wp.com\/mozaikowanie.pl\/wp-content\/uploads\/2019\/04\/castelloZara-1.jpg?resize=225%2C300&amp;ssl=1 225w, https:\/\/i0.wp.com\/mozaikowanie.pl\/wp-content\/uploads\/2019\/04\/castelloZara-1.jpg?resize=768%2C1024&amp;ssl=1 768w, https:\/\/i0.wp.com\/mozaikowanie.pl\/wp-content\/uploads\/2019\/04\/castelloZara-1.jpg?w=776&amp;ssl=1 776w\" sizes=\"auto, (max-width: 225px) 100vw, 225px\" \/><\/a><\/p>\n<p><a href=\"https:\/\/i0.wp.com\/mozaikowanie.pl\/wp-content\/uploads\/2019\/04\/zara_mosaico_milano_flower-1.jpg\"><img data-recalc-dims=\"1\" loading=\"lazy\" decoding=\"async\" data-attachment-id=\"2901\" data-permalink=\"https:\/\/mozaikowanie.pl\/index.php\/2019\/04\/02\/wiosna-w-mediolanie\/zara_mosaico_milano_flower-1\/\" data-orig-file=\"https:\/\/i0.wp.com\/mozaikowanie.pl\/wp-content\/uploads\/2019\/04\/zara_mosaico_milano_flower-1.jpg?fit=968%2C726&amp;ssl=1\" data-orig-size=\"968,726\" data-comments-opened=\"1\" data-image-meta=\"{&quot;aperture&quot;:&quot;0&quot;,&quot;credit&quot;:&quot;&quot;,&quot;camera&quot;:&quot;&quot;,&quot;caption&quot;:&quot;&quot;,&quot;created_timestamp&quot;:&quot;0&quot;,&quot;copyright&quot;:&quot;&quot;,&quot;focal_length&quot;:&quot;0&quot;,&quot;iso&quot;:&quot;0&quot;,&quot;shutter_speed&quot;:&quot;0&quot;,&quot;title&quot;:&quot;&quot;,&quot;orientation&quot;:&quot;0&quot;}\" data-image-title=\"zara_mosaico_milano_flower (1)\" data-image-description=\"\" data-image-caption=\"\" data-medium-file=\"https:\/\/i0.wp.com\/mozaikowanie.pl\/wp-content\/uploads\/2019\/04\/zara_mosaico_milano_flower-1.jpg?fit=300%2C225&amp;ssl=1\" data-large-file=\"https:\/\/i0.wp.com\/mozaikowanie.pl\/wp-content\/uploads\/2019\/04\/zara_mosaico_milano_flower-1.jpg?fit=474%2C356&amp;ssl=1\" class=\"alignnone size-medium wp-image-2901\" src=\"https:\/\/i0.wp.com\/mozaikowanie.pl\/wp-content\/uploads\/2019\/04\/zara_mosaico_milano_flower-1-300x225.jpg?resize=300%2C225\" alt=\"\" width=\"300\" height=\"225\" srcset=\"https:\/\/i0.wp.com\/mozaikowanie.pl\/wp-content\/uploads\/2019\/04\/zara_mosaico_milano_flower-1.jpg?resize=300%2C225&amp;ssl=1 300w, https:\/\/i0.wp.com\/mozaikowanie.pl\/wp-content\/uploads\/2019\/04\/zara_mosaico_milano_flower-1.jpg?resize=768%2C576&amp;ssl=1 768w, https:\/\/i0.wp.com\/mozaikowanie.pl\/wp-content\/uploads\/2019\/04\/zara_mosaico_milano_flower-1.jpg?w=968&amp;ssl=1 968w\" sizes=\"auto, (max-width: 300px) 100vw, 300px\" \/><\/a><\/p>\n<p>Zajmuj\u0105 one ca\u0142\u0105 \u015bcian\u0119 i maj\u0105 jakie\u015b kilkana\u015bcie metr\u00f3w kwadratowych wielko\u015bci!<\/p>\n<p>Za\u015b na ko\u0144cu<em> corso<\/em> znajduje si\u0119 ko\u015bci\u00f3\u0142 San Babila, do kt\u00f3rego wej\u015bcie tak\u017ce zdobi\u0105 trzy pi\u0119kne mozaiki:<\/p>\n<p><a href=\"https:\/\/i0.wp.com\/mozaikowanie.pl\/wp-content\/uploads\/2019\/04\/sanB.jpg\"><img data-recalc-dims=\"1\" loading=\"lazy\" decoding=\"async\" data-attachment-id=\"2888\" data-permalink=\"https:\/\/mozaikowanie.pl\/index.php\/2019\/04\/02\/wiosna-w-mediolanie\/sanb\/\" data-orig-file=\"https:\/\/i0.wp.com\/mozaikowanie.pl\/wp-content\/uploads\/2019\/04\/sanB.jpg?fit=1000%2C1000&amp;ssl=1\" data-orig-size=\"1000,1000\" data-comments-opened=\"1\" data-image-meta=\"{&quot;aperture&quot;:&quot;0&quot;,&quot;credit&quot;:&quot;&quot;,&quot;camera&quot;:&quot;&quot;,&quot;caption&quot;:&quot;&quot;,&quot;created_timestamp&quot;:&quot;0&quot;,&quot;copyright&quot;:&quot;&quot;,&quot;focal_length&quot;:&quot;0&quot;,&quot;iso&quot;:&quot;0&quot;,&quot;shutter_speed&quot;:&quot;0&quot;,&quot;title&quot;:&quot;&quot;,&quot;orientation&quot;:&quot;0&quot;}\" data-image-title=\"sanB\" data-image-description=\"\" data-image-caption=\"\" data-medium-file=\"https:\/\/i0.wp.com\/mozaikowanie.pl\/wp-content\/uploads\/2019\/04\/sanB.jpg?fit=300%2C300&amp;ssl=1\" data-large-file=\"https:\/\/i0.wp.com\/mozaikowanie.pl\/wp-content\/uploads\/2019\/04\/sanB.jpg?fit=474%2C474&amp;ssl=1\" class=\"alignnone wp-image-2888\" src=\"https:\/\/i0.wp.com\/mozaikowanie.pl\/wp-content\/uploads\/2019\/04\/sanB-300x300.jpg?resize=333%2C333\" alt=\"\" width=\"333\" height=\"333\" srcset=\"https:\/\/i0.wp.com\/mozaikowanie.pl\/wp-content\/uploads\/2019\/04\/sanB.jpg?resize=300%2C300&amp;ssl=1 300w, https:\/\/i0.wp.com\/mozaikowanie.pl\/wp-content\/uploads\/2019\/04\/sanB.jpg?resize=150%2C150&amp;ssl=1 150w, https:\/\/i0.wp.com\/mozaikowanie.pl\/wp-content\/uploads\/2019\/04\/sanB.jpg?resize=768%2C768&amp;ssl=1 768w, https:\/\/i0.wp.com\/mozaikowanie.pl\/wp-content\/uploads\/2019\/04\/sanB.jpg?w=1000&amp;ssl=1 1000w, https:\/\/i0.wp.com\/mozaikowanie.pl\/wp-content\/uploads\/2019\/04\/sanB.jpg?w=948&amp;ssl=1 948w\" sizes=\"auto, (max-width: 333px) 100vw, 333px\" \/><\/a><\/p>\n<p><a href=\"https:\/\/i0.wp.com\/mozaikowanie.pl\/wp-content\/uploads\/2019\/04\/synogarlice_san_babila.jpg\"><img data-recalc-dims=\"1\" loading=\"lazy\" decoding=\"async\" data-attachment-id=\"2892\" data-permalink=\"https:\/\/mozaikowanie.pl\/index.php\/2019\/04\/02\/wiosna-w-mediolanie\/synogarlice_san_babila\/\" data-orig-file=\"https:\/\/i0.wp.com\/mozaikowanie.pl\/wp-content\/uploads\/2019\/04\/synogarlice_san_babila.jpg?fit=400%2C399&amp;ssl=1\" data-orig-size=\"400,399\" data-comments-opened=\"1\" data-image-meta=\"{&quot;aperture&quot;:&quot;0&quot;,&quot;credit&quot;:&quot;&quot;,&quot;camera&quot;:&quot;&quot;,&quot;caption&quot;:&quot;&quot;,&quot;created_timestamp&quot;:&quot;0&quot;,&quot;copyright&quot;:&quot;&quot;,&quot;focal_length&quot;:&quot;0&quot;,&quot;iso&quot;:&quot;0&quot;,&quot;shutter_speed&quot;:&quot;0&quot;,&quot;title&quot;:&quot;&quot;,&quot;orientation&quot;:&quot;0&quot;}\" data-image-title=\"synogarlice_san_babila\" data-image-description=\"\" data-image-caption=\"\" data-medium-file=\"https:\/\/i0.wp.com\/mozaikowanie.pl\/wp-content\/uploads\/2019\/04\/synogarlice_san_babila.jpg?fit=300%2C300&amp;ssl=1\" data-large-file=\"https:\/\/i0.wp.com\/mozaikowanie.pl\/wp-content\/uploads\/2019\/04\/synogarlice_san_babila.jpg?fit=400%2C399&amp;ssl=1\" class=\"alignnone wp-image-2892\" src=\"https:\/\/i0.wp.com\/mozaikowanie.pl\/wp-content\/uploads\/2019\/04\/synogarlice_san_babila-300x300.jpg?resize=234%2C234\" alt=\"\" width=\"234\" height=\"234\" srcset=\"https:\/\/i0.wp.com\/mozaikowanie.pl\/wp-content\/uploads\/2019\/04\/synogarlice_san_babila.jpg?resize=300%2C300&amp;ssl=1 300w, https:\/\/i0.wp.com\/mozaikowanie.pl\/wp-content\/uploads\/2019\/04\/synogarlice_san_babila.jpg?resize=150%2C150&amp;ssl=1 150w, https:\/\/i0.wp.com\/mozaikowanie.pl\/wp-content\/uploads\/2019\/04\/synogarlice_san_babila.jpg?w=400&amp;ssl=1 400w\" sizes=\"auto, (max-width: 234px) 100vw, 234px\" \/>\u00a0<\/a><a href=\"https:\/\/i0.wp.com\/mozaikowanie.pl\/wp-content\/uploads\/2019\/04\/baranek.jpg\"><img data-recalc-dims=\"1\" loading=\"lazy\" decoding=\"async\" data-attachment-id=\"2893\" data-permalink=\"https:\/\/mozaikowanie.pl\/index.php\/2019\/04\/02\/wiosna-w-mediolanie\/baranek-2\/\" data-orig-file=\"https:\/\/i0.wp.com\/mozaikowanie.pl\/wp-content\/uploads\/2019\/04\/baranek.jpg?fit=400%2C400&amp;ssl=1\" data-orig-size=\"400,400\" data-comments-opened=\"1\" data-image-meta=\"{&quot;aperture&quot;:&quot;0&quot;,&quot;credit&quot;:&quot;&quot;,&quot;camera&quot;:&quot;&quot;,&quot;caption&quot;:&quot;&quot;,&quot;created_timestamp&quot;:&quot;0&quot;,&quot;copyright&quot;:&quot;&quot;,&quot;focal_length&quot;:&quot;0&quot;,&quot;iso&quot;:&quot;0&quot;,&quot;shutter_speed&quot;:&quot;0&quot;,&quot;title&quot;:&quot;&quot;,&quot;orientation&quot;:&quot;0&quot;}\" data-image-title=\"baranek\" data-image-description=\"\" data-image-caption=\"\" data-medium-file=\"https:\/\/i0.wp.com\/mozaikowanie.pl\/wp-content\/uploads\/2019\/04\/baranek.jpg?fit=300%2C300&amp;ssl=1\" data-large-file=\"https:\/\/i0.wp.com\/mozaikowanie.pl\/wp-content\/uploads\/2019\/04\/baranek.jpg?fit=400%2C400&amp;ssl=1\" class=\"alignnone wp-image-2893\" src=\"https:\/\/i0.wp.com\/mozaikowanie.pl\/wp-content\/uploads\/2019\/04\/baranek-300x300.jpg?resize=235%2C235\" alt=\"\" width=\"235\" height=\"235\" srcset=\"https:\/\/i0.wp.com\/mozaikowanie.pl\/wp-content\/uploads\/2019\/04\/baranek.jpg?resize=300%2C300&amp;ssl=1 300w, https:\/\/i0.wp.com\/mozaikowanie.pl\/wp-content\/uploads\/2019\/04\/baranek.jpg?resize=150%2C150&amp;ssl=1 150w, https:\/\/i0.wp.com\/mozaikowanie.pl\/wp-content\/uploads\/2019\/04\/baranek.jpg?w=400&amp;ssl=1 400w\" sizes=\"auto, (max-width: 235px) 100vw, 235px\" \/><\/a><\/p>\n<p>Innymi s\u0142owy, wielbiciele tesser znajd\u0105 w Mediolanie co\u015b dla siebie, je\u015bli nie chc\u0105 koniecznie robi\u0107 zakup\u00f3w dok\u0142adnie w tych samych sklepach, kt\u00f3re s\u0105 w ca\u0142ej Europie.<\/p>\n","protected":false},"excerpt":{"rendered":"<p>Do Mediolanu je\u017adzi si\u0119 ogl\u0105da\u0107 g\u0142\u00f3wnie il Duomo, czyli katedr\u0119, &#8222;Ostatni\u0105 Wieczerz\u0119&#8221; i galeri\u0119 Wiktora Emanuela II. Od kilkunastu lat s\u0142owo &#8222;galeria&#8221; sta\u0142o si\u0119 dla mnie w j\u0119zyku polskim nieco myl\u0105ce, w tym przypadku jest nie inaczej, bo te\u017c chodzi o sklep, a nie \u015bwi\u0105tyni\u0119 sztuki.\u00a0 Ale &#8211; przynajmniej ten pasa\u017c sklepowy jest przepi\u0119knym budynkiem &hellip; <a href=\"https:\/\/mozaikowanie.pl\/index.php\/2019\/04\/02\/wiosna-w-mediolanie\/\" class=\"more-link\">Czytaj dalej <span class=\"screen-reader-text\">Wiosna w Mediolanie<\/span> <span class=\"meta-nav\">&rarr;<\/span><\/a><\/p>\n","protected":false},"author":1,"featured_media":0,"comment_status":"open","ping_status":"open","sticky":false,"template":"","format":"standard","meta":{"jetpack_post_was_ever_published":false,"_jetpack_newsletter_access":"","_jetpack_dont_email_post_to_subs":false,"_jetpack_newsletter_tier_id":0,"_jetpack_memberships_contains_paywalled_content":false,"_jetpack_memberships_contains_paid_content":false,"footnotes":"","jetpack_publicize_message":"","jetpack_publicize_feature_enabled":true,"jetpack_social_post_already_shared":true,"jetpack_social_options":{"image_generator_settings":{"template":"highway","enabled":false},"version":2}},"categories":[3],"tags":[],"class_list":["post-2879","post","type-post","status-publish","format-standard","hentry","category-historia-mozaiki"],"jetpack_publicize_connections":[],"aioseo_notices":[],"jetpack_featured_media_url":"","jetpack_sharing_enabled":true,"jetpack_shortlink":"https:\/\/wp.me\/p72G1w-Kr","jetpack-related-posts":[],"_links":{"self":[{"href":"https:\/\/mozaikowanie.pl\/index.php\/wp-json\/wp\/v2\/posts\/2879","targetHints":{"allow":["GET"]}}],"collection":[{"href":"https:\/\/mozaikowanie.pl\/index.php\/wp-json\/wp\/v2\/posts"}],"about":[{"href":"https:\/\/mozaikowanie.pl\/index.php\/wp-json\/wp\/v2\/types\/post"}],"author":[{"embeddable":true,"href":"https:\/\/mozaikowanie.pl\/index.php\/wp-json\/wp\/v2\/users\/1"}],"replies":[{"embeddable":true,"href":"https:\/\/mozaikowanie.pl\/index.php\/wp-json\/wp\/v2\/comments?post=2879"}],"version-history":[{"count":13,"href":"https:\/\/mozaikowanie.pl\/index.php\/wp-json\/wp\/v2\/posts\/2879\/revisions"}],"predecessor-version":[{"id":2908,"href":"https:\/\/mozaikowanie.pl\/index.php\/wp-json\/wp\/v2\/posts\/2879\/revisions\/2908"}],"wp:attachment":[{"href":"https:\/\/mozaikowanie.pl\/index.php\/wp-json\/wp\/v2\/media?parent=2879"}],"wp:term":[{"taxonomy":"category","embeddable":true,"href":"https:\/\/mozaikowanie.pl\/index.php\/wp-json\/wp\/v2\/categories?post=2879"},{"taxonomy":"post_tag","embeddable":true,"href":"https:\/\/mozaikowanie.pl\/index.php\/wp-json\/wp\/v2\/tags?post=2879"}],"curies":[{"name":"wp","href":"https:\/\/api.w.org\/{rel}","templated":true}]}}