{"id":791,"date":"2015-07-08T19:09:23","date_gmt":"2015-07-08T17:09:23","guid":{"rendered":"https:\/\/mozaikowanie.wordpress.com\/?p=791"},"modified":"2015-07-19T23:52:38","modified_gmt":"2015-07-19T21:52:38","slug":"gdzie-ogladac-mozaiki-w-europie","status":"publish","type":"post","link":"https:\/\/mozaikowanie.pl\/index.php\/2015\/07\/08\/gdzie-ogladac-mozaiki-w-europie\/","title":{"rendered":"Gdzie ogl\u0105da\u0107 wakacyjne mozaiki w Europie?"},"content":{"rendered":"<p><a href=\"https:\/\/i0.wp.com\/mozaikowanie.pl\/wp-content\/uploads\/2015\/07\/bandeaumauveweb.jpg\"><img data-recalc-dims=\"1\" loading=\"lazy\" decoding=\"async\" data-attachment-id=\"792\" data-permalink=\"https:\/\/mozaikowanie.pl\/index.php\/2015\/07\/08\/gdzie-ogladac-mozaiki-w-europie\/bandeaumauveweb\/\" data-orig-file=\"https:\/\/i0.wp.com\/mozaikowanie.pl\/wp-content\/uploads\/2015\/07\/bandeaumauveweb.jpg?fit=780%2C319&amp;ssl=1\" data-orig-size=\"780,319\" data-comments-opened=\"1\" data-image-meta=\"{&quot;aperture&quot;:&quot;0&quot;,&quot;credit&quot;:&quot;&quot;,&quot;camera&quot;:&quot;&quot;,&quot;caption&quot;:&quot;&quot;,&quot;created_timestamp&quot;:&quot;0&quot;,&quot;copyright&quot;:&quot;&quot;,&quot;focal_length&quot;:&quot;0&quot;,&quot;iso&quot;:&quot;0&quot;,&quot;shutter_speed&quot;:&quot;0&quot;,&quot;title&quot;:&quot;&quot;,&quot;orientation&quot;:&quot;0&quot;}\" data-image-title=\"bandeaumauveweb\" data-image-description=\"\" data-image-caption=\"\" data-medium-file=\"https:\/\/i0.wp.com\/mozaikowanie.pl\/wp-content\/uploads\/2015\/07\/bandeaumauveweb.jpg?fit=300%2C123&amp;ssl=1\" data-large-file=\"https:\/\/i0.wp.com\/mozaikowanie.pl\/wp-content\/uploads\/2015\/07\/bandeaumauveweb.jpg?fit=474%2C194&amp;ssl=1\" class=\"alignnone size-medium wp-image-792\" src=\"https:\/\/i0.wp.com\/mozaikowanie.pl\/wp-content\/uploads\/2015\/07\/bandeaumauveweb.jpg?resize=300%2C123\" alt=\"bandeaumauveweb\" width=\"300\" height=\"123\" srcset=\"https:\/\/i0.wp.com\/mozaikowanie.pl\/wp-content\/uploads\/2015\/07\/bandeaumauveweb.jpg?w=780&amp;ssl=1 780w, https:\/\/i0.wp.com\/mozaikowanie.pl\/wp-content\/uploads\/2015\/07\/bandeaumauveweb.jpg?resize=300%2C123&amp;ssl=1 300w\" sizes=\"auto, (max-width: 300px) 100vw, 300px\" \/><\/a><\/p>\n<p>Poniewa\u017c zacz\u0119\u0142y si\u0119 wakacje, chcia\u0142abym Wam podsun\u0105\u0107 kilka pomys\u0142\u00f3w na to, gdzie mo\u017cna podziwia\u0107 mozaiki w Europie. I nie chodzi mi o mozaiki \u201ehistoryczne\u201d, bo informacje na ten temat znajdziecie pewnie do\u015b\u0107 \u0142atwo w przewodnikach turystycznych (np. po Rzymie, Pompejach, Pary\u017cu albo Tunisie, je\u015bli kto\u015b ma tam jeszcze odwag\u0119 jecha\u0107), ale o mozaiki wsp\u00f3\u0142czesne.<\/p>\n<p>W te wakacje najciekawiej b\u0119dzie we Francji. Je\u015bli kto\u015b wybiera si\u0119 na pocz\u0105tku sierpnia do Burgundii, to koniecznie powinien odwiedzi\u0107 Pierwszy Festiwal Mozaiki Wsp\u00f3\u0142czesnej w Chapelle de Corbellin, w gminie La Chapelle-Saint-Andr\u00e9, a departamencie Ni\u00e8vre. B\u0119dzie tam mo\u017cna obejrze\u0107 prace 54 artyst\u00f3w z dziesi\u0119ciu kraj\u00f3w, uczestniczy\u0107 w sympozjach i warsztatach, a tak\u017ce w pchlim targu z materia\u0142ami do tworzenia mozaiki.<\/p>\n<p><!--more-->Wi\u0119cej informacji znajdziecie pod tym adresem:\u00a0<a href=\"http:\/\/www.valdusauzay.fr\/1er-festival-de-mosaique-contemporaine\" target=\"_blank\">http:\/\/www.valdusauzay.fr\/1er-festival-de-mosaique-contemporaine<\/a><\/p>\n<p>Drugim ciekawym miejscem te\u017c w Burgundii (po\u0142udniowej) jest Paray le Monial, gdzie ju\u017c (od 4 lipca) do 13 wrze\u015bnia mo\u017cna wzi\u0105\u0107 udzia\u0142 w trzech wystawach.<\/p>\n<p>Pierwsza z nich prezentuje prace czw\u00f3rki artyst\u00f3w (w tym Polki, Matyldy Tracewskiej) i ma tytu\u0142 \u201eKto\u015b\u201d. Pozwoli Wam ona popatrze\u0107 na sztuk\u0119 portretu pod nowym k\u0105tem. Wystawa znajduje si\u0119 w wie\u017cy \u015awi\u0119tego Miko\u0142aja w Paray le Monial.<\/p>\n<p><a href=\"https:\/\/i0.wp.com\/mozaikowanie.pl\/wp-content\/uploads\/2015\/07\/paray.jpg\"><img data-recalc-dims=\"1\" loading=\"lazy\" decoding=\"async\" data-attachment-id=\"794\" data-permalink=\"https:\/\/mozaikowanie.pl\/index.php\/2015\/07\/08\/gdzie-ogladac-mozaiki-w-europie\/paray\/\" data-orig-file=\"https:\/\/i0.wp.com\/mozaikowanie.pl\/wp-content\/uploads\/2015\/07\/paray.jpg?fit=250%2C478&amp;ssl=1\" data-orig-size=\"250,478\" data-comments-opened=\"1\" data-image-meta=\"{&quot;aperture&quot;:&quot;0&quot;,&quot;credit&quot;:&quot;&quot;,&quot;camera&quot;:&quot;&quot;,&quot;caption&quot;:&quot;&quot;,&quot;created_timestamp&quot;:&quot;0&quot;,&quot;copyright&quot;:&quot;&quot;,&quot;focal_length&quot;:&quot;0&quot;,&quot;iso&quot;:&quot;0&quot;,&quot;shutter_speed&quot;:&quot;0&quot;,&quot;title&quot;:&quot;&quot;,&quot;orientation&quot;:&quot;0&quot;}\" data-image-title=\"paray\" data-image-description=\"\" data-image-caption=\"\" data-medium-file=\"https:\/\/i0.wp.com\/mozaikowanie.pl\/wp-content\/uploads\/2015\/07\/paray.jpg?fit=157%2C300&amp;ssl=1\" data-large-file=\"https:\/\/i0.wp.com\/mozaikowanie.pl\/wp-content\/uploads\/2015\/07\/paray.jpg?fit=250%2C478&amp;ssl=1\" class=\"alignnone size-medium wp-image-794\" src=\"https:\/\/i0.wp.com\/mozaikowanie.pl\/wp-content\/uploads\/2015\/07\/paray.jpg?resize=157%2C300\" alt=\"paray\" width=\"157\" height=\"300\" srcset=\"https:\/\/i0.wp.com\/mozaikowanie.pl\/wp-content\/uploads\/2015\/07\/paray.jpg?w=250&amp;ssl=1 250w, https:\/\/i0.wp.com\/mozaikowanie.pl\/wp-content\/uploads\/2015\/07\/paray.jpg?resize=157%2C300&amp;ssl=1 157w\" sizes=\"auto, (max-width: 157px) 100vw, 157px\" \/><\/a><br \/>\nDruga ciekawa wystawa mie\u015bci si\u0119 w siedzibie Maison de la Mosa\u00efque Contemporaine (\u201eMMC\u201d)\u2013 organizacji zajmuj\u0105cej si\u0119 promocj\u0105 mozaiki. Wystawa ma same autorki \u2013 artystki mozaiki (mi\u0119dzy innymi cz\u0142onkinie mojej ulubionej grupy Mosaism, czyli M\u00e9laine Lano\u00eb oraz Marie-Laure Besson oraz artystki, kt\u00f3re s\u0105 jednocze\u015bnie instruktorkami na warsztatach w MMC).<\/p>\n<p>Trzecim miejscem wystaw i warsztat\u00f3w jest M comme Mosa\u00efque \u2013 galeria prowadzona przez samych artyst\u00f3w, gdzie b\u0119dzie mo\u017cna nauczy\u0107 si\u0119 tworzenia mozaiki, ale te\u017c te\u017c kupi\u0107 prace znanych artyst\u00f3w i utalentowanych amator\u00f3w.<br \/>\nWe Francji (a w\u0142a\u015bciwie na ca\u0142ym \u015bwiecie) mo\u017cecie te\u017c tropi\u0107 prace francuskiego artysty Invadera, kt\u00f3ry zostawia swoje \u015blady wsz\u0119dzie, jak na przykad tutaj, na \u015bcianie domu w Nantes:<\/p>\n<p>Je\u015bli wolicie sp\u0119dza\u0107 wakacje we W\u0142oszech, to koniecznie odwied\u017acie wystaw\u0119 Marco de Luca \u201eMateria i \u015bwiat\u0142o\u201d, kt\u00f3ra ju\u017c od czerwca do 17 pa\u017adziernika jest pokazywana w wykutym w skale mie\u015bcie Matera w po\u0142udniowych W\u0142oszech (pomi\u0119dzy Neapolem a Bari, w regionie Bazylikata). Wystawa jest w dw\u00f3ch ko\u015bcio\u0142ach (oczywi\u015bcie te\u017c wykutych w skale) S. Nicola dei Greci oraz Madonna delle Virt\u00f9.<\/p>\n<p><a href=\"https:\/\/i0.wp.com\/mozaikowanie.pl\/wp-content\/uploads\/2015\/07\/marco.png\"><img data-recalc-dims=\"1\" loading=\"lazy\" decoding=\"async\" data-attachment-id=\"795\" data-permalink=\"https:\/\/mozaikowanie.pl\/index.php\/2015\/07\/08\/gdzie-ogladac-mozaiki-w-europie\/marco\/\" data-orig-file=\"https:\/\/i0.wp.com\/mozaikowanie.pl\/wp-content\/uploads\/2015\/07\/marco.png?fit=560%2C658&amp;ssl=1\" data-orig-size=\"560,658\" data-comments-opened=\"1\" data-image-meta=\"{&quot;aperture&quot;:&quot;0&quot;,&quot;credit&quot;:&quot;&quot;,&quot;camera&quot;:&quot;&quot;,&quot;caption&quot;:&quot;&quot;,&quot;created_timestamp&quot;:&quot;0&quot;,&quot;copyright&quot;:&quot;&quot;,&quot;focal_length&quot;:&quot;0&quot;,&quot;iso&quot;:&quot;0&quot;,&quot;shutter_speed&quot;:&quot;0&quot;,&quot;title&quot;:&quot;&quot;,&quot;orientation&quot;:&quot;0&quot;}\" data-image-title=\"marco\" data-image-description=\"\" data-image-caption=\"\" data-medium-file=\"https:\/\/i0.wp.com\/mozaikowanie.pl\/wp-content\/uploads\/2015\/07\/marco.png?fit=255%2C300&amp;ssl=1\" data-large-file=\"https:\/\/i0.wp.com\/mozaikowanie.pl\/wp-content\/uploads\/2015\/07\/marco.png?fit=474%2C557&amp;ssl=1\" class=\"alignnone size-medium wp-image-795\" src=\"https:\/\/i0.wp.com\/mozaikowanie.pl\/wp-content\/uploads\/2015\/07\/marco.png?resize=255%2C300\" alt=\"marco\" width=\"255\" height=\"300\" srcset=\"https:\/\/i0.wp.com\/mozaikowanie.pl\/wp-content\/uploads\/2015\/07\/marco.png?w=560&amp;ssl=1 560w, https:\/\/i0.wp.com\/mozaikowanie.pl\/wp-content\/uploads\/2015\/07\/marco.png?resize=255%2C300&amp;ssl=1 255w\" sizes=\"auto, (max-width: 255px) 100vw, 255px\" \/><\/a><br \/>\nO grupie Mosaizm, Marco de Luca i Matydzie Tracewskiej niew\u0105tpliwie niebawem napisz\u0119, bo robi\u0105 fantastyczne rzeczy.<br \/>\nUdanych mozaikowych podr\u00f3\u017cy!<\/p>\n","protected":false},"excerpt":{"rendered":"<p>Poniewa\u017c zacz\u0119\u0142y si\u0119 wakacje, chcia\u0142abym Wam podsun\u0105\u0107 kilka pomys\u0142\u00f3w na to, gdzie mo\u017cna podziwia\u0107 mozaiki w Europie. I nie chodzi mi o mozaiki \u201ehistoryczne\u201d, bo informacje na ten temat znajdziecie pewnie do\u015b\u0107 \u0142atwo w przewodnikach turystycznych (np. po Rzymie, Pompejach, Pary\u017cu albo Tunisie, je\u015bli kto\u015b ma tam jeszcze odwag\u0119 jecha\u0107), ale o mozaiki wsp\u00f3\u0142czesne. W &hellip; <a href=\"https:\/\/mozaikowanie.pl\/index.php\/2015\/07\/08\/gdzie-ogladac-mozaiki-w-europie\/\" class=\"more-link\">Czytaj dalej <span class=\"screen-reader-text\">Gdzie ogl\u0105da\u0107 wakacyjne mozaiki w Europie?<\/span> <span class=\"meta-nav\">&rarr;<\/span><\/a><\/p>\n","protected":false},"author":1,"featured_media":0,"comment_status":"open","ping_status":"open","sticky":false,"template":"","format":"standard","meta":{"jetpack_post_was_ever_published":false,"_jetpack_newsletter_access":"","_jetpack_dont_email_post_to_subs":false,"_jetpack_newsletter_tier_id":0,"_jetpack_memberships_contains_paywalled_content":false,"_jetpack_memberships_contains_paid_content":false,"footnotes":"","jetpack_publicize_message":"","jetpack_publicize_feature_enabled":true,"jetpack_social_post_already_shared":false,"jetpack_social_options":{"image_generator_settings":{"template":"highway","enabled":false},"version":2}},"categories":[2],"tags":[],"class_list":["post-791","post","type-post","status-publish","format-standard","hentry","category-artysci"],"jetpack_publicize_connections":[],"aioseo_notices":[],"jetpack_featured_media_url":"","jetpack_sharing_enabled":true,"jetpack_shortlink":"https:\/\/wp.me\/p72G1w-cL","jetpack-related-posts":[],"_links":{"self":[{"href":"https:\/\/mozaikowanie.pl\/index.php\/wp-json\/wp\/v2\/posts\/791","targetHints":{"allow":["GET"]}}],"collection":[{"href":"https:\/\/mozaikowanie.pl\/index.php\/wp-json\/wp\/v2\/posts"}],"about":[{"href":"https:\/\/mozaikowanie.pl\/index.php\/wp-json\/wp\/v2\/types\/post"}],"author":[{"embeddable":true,"href":"https:\/\/mozaikowanie.pl\/index.php\/wp-json\/wp\/v2\/users\/1"}],"replies":[{"embeddable":true,"href":"https:\/\/mozaikowanie.pl\/index.php\/wp-json\/wp\/v2\/comments?post=791"}],"version-history":[{"count":4,"href":"https:\/\/mozaikowanie.pl\/index.php\/wp-json\/wp\/v2\/posts\/791\/revisions"}],"predecessor-version":[{"id":831,"href":"https:\/\/mozaikowanie.pl\/index.php\/wp-json\/wp\/v2\/posts\/791\/revisions\/831"}],"wp:attachment":[{"href":"https:\/\/mozaikowanie.pl\/index.php\/wp-json\/wp\/v2\/media?parent=791"}],"wp:term":[{"taxonomy":"category","embeddable":true,"href":"https:\/\/mozaikowanie.pl\/index.php\/wp-json\/wp\/v2\/categories?post=791"},{"taxonomy":"post_tag","embeddable":true,"href":"https:\/\/mozaikowanie.pl\/index.php\/wp-json\/wp\/v2\/tags?post=791"}],"curies":[{"name":"wp","href":"https:\/\/api.w.org\/{rel}","templated":true}]}}