{"id":899,"date":"2015-07-29T19:33:37","date_gmt":"2015-07-29T17:33:37","guid":{"rendered":"http:\/\/mozaikowanie.pl\/?p=899"},"modified":"2015-07-29T19:34:06","modified_gmt":"2015-07-29T17:34:06","slug":"giovanna-galli-marmur-i-smalti-po-bizantyjsku","status":"publish","type":"post","link":"https:\/\/mozaikowanie.pl\/index.php\/2015\/07\/29\/giovanna-galli-marmur-i-smalti-po-bizantyjsku\/","title":{"rendered":"Giovanna Galli &#8211; marmur i smalti po bizantyjsku"},"content":{"rendered":"<p>Dzi\u015b przedstawi\u0119 Wam kolejn\u0105 niezwyk\u0142\u0105 artystk\u0119. Pisz\u0105c to pierwsze zdanie zda\u0142am sobie spraw\u0119, \u017ce zaczyna wygl\u0105da\u0107 na to, \u017ce mozaik\u0105 zajmuj\u0105 si\u0119 g\u0142\u00f3wnie kobiety\u2026 Ot\u00f3\u017c tak nie jest i obiecuj\u0119, \u017ce nast\u0119pnym razem przedstawi\u0119 jakiego\u015b pana- artyst\u0119. A tymczasem wr\u00f3\u0107my do pewnej\u00a0W\u0142oszki, kt\u00f3ra przepi\u0119knie \u0142\u0105czy smalti i kamie\u0144 naturalny.<\/p>\n<figure id=\"attachment_900\" aria-describedby=\"caption-attachment-900\" style=\"width: 390px\" class=\"wp-caption alignnone\"><a href=\"https:\/\/i0.wp.com\/mozaikowanie.pl\/wp-content\/uploads\/2015\/07\/GALLI_DENTELLE_BLEU.jpg\"><img data-recalc-dims=\"1\" loading=\"lazy\" decoding=\"async\" data-attachment-id=\"900\" data-permalink=\"https:\/\/mozaikowanie.pl\/index.php\/2015\/07\/29\/giovanna-galli-marmur-i-smalti-po-bizantyjsku\/galli_dentelle_bleu\/\" data-orig-file=\"https:\/\/i0.wp.com\/mozaikowanie.pl\/wp-content\/uploads\/2015\/07\/GALLI_DENTELLE_BLEU.jpg?fit=1323%2C1600&amp;ssl=1\" data-orig-size=\"1323,1600\" data-comments-opened=\"1\" data-image-meta=\"{&quot;aperture&quot;:&quot;0&quot;,&quot;credit&quot;:&quot;&quot;,&quot;camera&quot;:&quot;&quot;,&quot;caption&quot;:&quot;&quot;,&quot;created_timestamp&quot;:&quot;0&quot;,&quot;copyright&quot;:&quot;&quot;,&quot;focal_length&quot;:&quot;0&quot;,&quot;iso&quot;:&quot;0&quot;,&quot;shutter_speed&quot;:&quot;0&quot;,&quot;title&quot;:&quot;&quot;,&quot;orientation&quot;:&quot;0&quot;}\" data-image-title=\"GALLI_DENTELLE_BLEU\" data-image-description=\"\" data-image-caption=\"\" data-medium-file=\"https:\/\/i0.wp.com\/mozaikowanie.pl\/wp-content\/uploads\/2015\/07\/GALLI_DENTELLE_BLEU.jpg?fit=248%2C300&amp;ssl=1\" data-large-file=\"https:\/\/i0.wp.com\/mozaikowanie.pl\/wp-content\/uploads\/2015\/07\/GALLI_DENTELLE_BLEU.jpg?fit=474%2C573&amp;ssl=1\" class=\"wp-image-900\" src=\"https:\/\/i0.wp.com\/mozaikowanie.pl\/wp-content\/uploads\/2015\/07\/GALLI_DENTELLE_BLEU-248x300.jpg?resize=390%2C472\" alt=\"GALLI_DENTELLE_BLEU\" width=\"390\" height=\"472\" srcset=\"https:\/\/i0.wp.com\/mozaikowanie.pl\/wp-content\/uploads\/2015\/07\/GALLI_DENTELLE_BLEU.jpg?resize=248%2C300&amp;ssl=1 248w, https:\/\/i0.wp.com\/mozaikowanie.pl\/wp-content\/uploads\/2015\/07\/GALLI_DENTELLE_BLEU.jpg?resize=847%2C1024&amp;ssl=1 847w, https:\/\/i0.wp.com\/mozaikowanie.pl\/wp-content\/uploads\/2015\/07\/GALLI_DENTELLE_BLEU.jpg?w=1323&amp;ssl=1 1323w, https:\/\/i0.wp.com\/mozaikowanie.pl\/wp-content\/uploads\/2015\/07\/GALLI_DENTELLE_BLEU.jpg?w=948&amp;ssl=1 948w\" sizes=\"auto, (max-width: 390px) 100vw, 390px\" \/><\/a><figcaption id=\"caption-attachment-900\" class=\"wp-caption-text\">Giovanna Galli &#8222;Niebieska koronka&#8221;, \u017ar\u00f3d\u0142o: http:\/\/mosaique11.blogspot.com\/<\/figcaption><\/figure>\n<p><!--more--><\/p>\n<p>Giovanna Galli urodzi\u0142a si\u0119 w Ravennie, wi\u0119c mozaika by\u0142a jej przeznaczona. Uko\u0144czy\u0142a dwie artystyczne uczelnie &#8211; w 1970 roku Insituto d\u2019Arte per il Mosaico w Ravennie, a w 1975 Accademia di Belle Arti w Bolonii. Jeszcze na studiach zacz\u0119\u0142a praktyki u Renato Signorini\u2019ego, w znanej pracowni zajmuj\u0105c\u0105 si\u0119 renowacj\u0105 i wykonywaniem kopii mozaiki. By\u0142 to sukces wielki, poniewa\u017c Maestro Signorini nie przyjmowa\u0142 kobiet do pracy, ewidentnie jednak Giovanna znakomicie rokowa\u0142a ju\u017c jako p\u00f3\u017ana nastolatka:)<\/p>\n<figure id=\"attachment_901\" aria-describedby=\"caption-attachment-901\" style=\"width: 473px\" class=\"wp-caption alignnone\"><a href=\"https:\/\/i0.wp.com\/mozaikowanie.pl\/wp-content\/uploads\/2015\/07\/galii2.jpg\"><img data-recalc-dims=\"1\" loading=\"lazy\" decoding=\"async\" data-attachment-id=\"901\" data-permalink=\"https:\/\/mozaikowanie.pl\/index.php\/2015\/07\/29\/giovanna-galli-marmur-i-smalti-po-bizantyjsku\/galii2\/\" data-orig-file=\"https:\/\/i0.wp.com\/mozaikowanie.pl\/wp-content\/uploads\/2015\/07\/galii2.jpg?fit=641%2C646&amp;ssl=1\" data-orig-size=\"641,646\" data-comments-opened=\"1\" data-image-meta=\"{&quot;aperture&quot;:&quot;0&quot;,&quot;credit&quot;:&quot;&quot;,&quot;camera&quot;:&quot;&quot;,&quot;caption&quot;:&quot;&quot;,&quot;created_timestamp&quot;:&quot;0&quot;,&quot;copyright&quot;:&quot;&quot;,&quot;focal_length&quot;:&quot;0&quot;,&quot;iso&quot;:&quot;0&quot;,&quot;shutter_speed&quot;:&quot;0&quot;,&quot;title&quot;:&quot;&quot;,&quot;orientation&quot;:&quot;0&quot;}\" data-image-title=\"galii2\" data-image-description=\"\" data-image-caption=\"\" data-medium-file=\"https:\/\/i0.wp.com\/mozaikowanie.pl\/wp-content\/uploads\/2015\/07\/galii2.jpg?fit=298%2C300&amp;ssl=1\" data-large-file=\"https:\/\/i0.wp.com\/mozaikowanie.pl\/wp-content\/uploads\/2015\/07\/galii2.jpg?fit=474%2C478&amp;ssl=1\" class=\"wp-image-901\" src=\"https:\/\/i0.wp.com\/mozaikowanie.pl\/wp-content\/uploads\/2015\/07\/galii2-298x300.jpg?resize=473%2C476\" alt=\"\" width=\"473\" height=\"476\" srcset=\"https:\/\/i0.wp.com\/mozaikowanie.pl\/wp-content\/uploads\/2015\/07\/galii2.jpg?resize=298%2C300&amp;ssl=1 298w, https:\/\/i0.wp.com\/mozaikowanie.pl\/wp-content\/uploads\/2015\/07\/galii2.jpg?resize=150%2C150&amp;ssl=1 150w, https:\/\/i0.wp.com\/mozaikowanie.pl\/wp-content\/uploads\/2015\/07\/galii2.jpg?w=641&amp;ssl=1 641w\" sizes=\"auto, (max-width: 473px) 100vw, 473px\" \/><\/a><figcaption id=\"caption-attachment-901\" class=\"wp-caption-text\">Giovana Galli, \u017cr\u00f3d\u0142o: www.mosaicartnow.com<\/figcaption><\/figure>\n<p>Po kilkuletnim szlifowaniu umiej\u0119tno\u015bci w Ravennie wyjecha\u0142a Giovanna w 1976 do Pary\u017ca, gdzie kontynuowa\u0142a nauk\u0119 pod okiem Ricardo Licaty. I on w\u0142a\u015bnie b\u0119dzie bohaterem kolejnego postu, poniewa\u017c szko\u0142a i pracownia mozaiki, kt\u00f3re za\u0142o\u017cy\u0142 w Pary\u017cu by\u0142y ku\u017ani\u0105 mozaikowych talent\u00f3w. W Pary\u017cu Galli wsp\u00f3\u0142prowadzi\u0142a atelier \u201eLa Mesure\u201d i by\u0142a cz\u0142onkini\u0105, wraz z Licat\u0105 i Verdiano Marzi kolektywu \u201eAnaxagoras\u201d.\u00a0Jest autork\u0105 ksi\u0105\u017cek o sztuce mozaiki, gdzie szczeg\u00f3lnie du\u017co uwagi po\u015bwi\u0119ca technikom mozaiki staro\u017cytnej i bizanty\u0144skiej, kt\u00f3re s\u0105 jej specjalno\u015bci\u0105. Obecnie prowadzi w\u0142asne atelier i uczy mozaiki w Pary\u017cu i w Prowansji, w Tulonie.<\/p>\n<figure id=\"attachment_907\" aria-describedby=\"caption-attachment-907\" style=\"width: 200px\" class=\"wp-caption alignnone\"><a href=\"https:\/\/i0.wp.com\/mozaikowanie.pl\/wp-content\/uploads\/2015\/07\/giovanna-detal.jpg\"><img data-recalc-dims=\"1\" loading=\"lazy\" decoding=\"async\" data-attachment-id=\"907\" data-permalink=\"https:\/\/mozaikowanie.pl\/index.php\/2015\/07\/29\/giovanna-galli-marmur-i-smalti-po-bizantyjsku\/giovanna-detal\/\" data-orig-file=\"https:\/\/i0.wp.com\/mozaikowanie.pl\/wp-content\/uploads\/2015\/07\/giovanna-detal.jpg?fit=200%2C200&amp;ssl=1\" data-orig-size=\"200,200\" data-comments-opened=\"1\" data-image-meta=\"{&quot;aperture&quot;:&quot;0&quot;,&quot;credit&quot;:&quot;&quot;,&quot;camera&quot;:&quot;&quot;,&quot;caption&quot;:&quot;&quot;,&quot;created_timestamp&quot;:&quot;0&quot;,&quot;copyright&quot;:&quot;&quot;,&quot;focal_length&quot;:&quot;0&quot;,&quot;iso&quot;:&quot;0&quot;,&quot;shutter_speed&quot;:&quot;0&quot;,&quot;title&quot;:&quot;&quot;,&quot;orientation&quot;:&quot;0&quot;}\" data-image-title=\"giovanna detal\" data-image-description=\"\" data-image-caption=\"\" data-medium-file=\"https:\/\/i0.wp.com\/mozaikowanie.pl\/wp-content\/uploads\/2015\/07\/giovanna-detal.jpg?fit=200%2C200&amp;ssl=1\" data-large-file=\"https:\/\/i0.wp.com\/mozaikowanie.pl\/wp-content\/uploads\/2015\/07\/giovanna-detal.jpg?fit=200%2C200&amp;ssl=1\" class=\"wp-image-907 size-full\" src=\"https:\/\/i0.wp.com\/mozaikowanie.pl\/wp-content\/uploads\/2015\/07\/giovanna-detal.jpg?resize=200%2C200\" alt=\"giovanna detal\" width=\"200\" height=\"200\" srcset=\"https:\/\/i0.wp.com\/mozaikowanie.pl\/wp-content\/uploads\/2015\/07\/giovanna-detal.jpg?w=200&amp;ssl=1 200w, https:\/\/i0.wp.com\/mozaikowanie.pl\/wp-content\/uploads\/2015\/07\/giovanna-detal.jpg?resize=150%2C150&amp;ssl=1 150w\" sizes=\"auto, (max-width: 200px) 100vw, 200px\" \/><\/a><figcaption id=\"caption-attachment-907\" class=\"wp-caption-text\">Giovanna Galli &#8211; detal, \u017ar\u00f3d\u0142o: http:\/\/lamosaique.eu\/galli\/<\/figcaption><\/figure>\n<p>Giovanna tworzy prace oryginalne, cz\u0119sto inspirowane natur\u0105, kt\u00f3re w naturze prezentuj\u0105 si\u0119 najlepiej. Na przyk\u0142ad mozaikowe li\u015bcie mog\u0105 wygl\u0105da\u0107 tak, wisz\u0105c w sali wystawowej:<\/p>\n<figure id=\"attachment_905\" aria-describedby=\"caption-attachment-905\" style=\"width: 443px\" class=\"wp-caption alignnone\"><a href=\"https:\/\/i0.wp.com\/mozaikowanie.pl\/wp-content\/uploads\/2015\/07\/lisciesala.jpg\"><img data-recalc-dims=\"1\" loading=\"lazy\" decoding=\"async\" data-attachment-id=\"905\" data-permalink=\"https:\/\/mozaikowanie.pl\/index.php\/2015\/07\/29\/giovanna-galli-marmur-i-smalti-po-bizantyjsku\/lisciesala\/\" data-orig-file=\"https:\/\/i0.wp.com\/mozaikowanie.pl\/wp-content\/uploads\/2015\/07\/lisciesala.jpg?fit=275%2C183&amp;ssl=1\" data-orig-size=\"275,183\" data-comments-opened=\"1\" data-image-meta=\"{&quot;aperture&quot;:&quot;0&quot;,&quot;credit&quot;:&quot;&quot;,&quot;camera&quot;:&quot;&quot;,&quot;caption&quot;:&quot;&quot;,&quot;created_timestamp&quot;:&quot;0&quot;,&quot;copyright&quot;:&quot;&quot;,&quot;focal_length&quot;:&quot;0&quot;,&quot;iso&quot;:&quot;0&quot;,&quot;shutter_speed&quot;:&quot;0&quot;,&quot;title&quot;:&quot;&quot;,&quot;orientation&quot;:&quot;0&quot;}\" data-image-title=\"lisciesala\" data-image-description=\"\" data-image-caption=\"\" data-medium-file=\"https:\/\/i0.wp.com\/mozaikowanie.pl\/wp-content\/uploads\/2015\/07\/lisciesala.jpg?fit=275%2C183&amp;ssl=1\" data-large-file=\"https:\/\/i0.wp.com\/mozaikowanie.pl\/wp-content\/uploads\/2015\/07\/lisciesala.jpg?fit=275%2C183&amp;ssl=1\" class=\"wp-image-905 \" src=\"https:\/\/i0.wp.com\/mozaikowanie.pl\/wp-content\/uploads\/2015\/07\/lisciesala.jpg?resize=443%2C295\" alt=\"lisciesala\" width=\"443\" height=\"295\" \/><\/a><figcaption id=\"caption-attachment-905\" class=\"wp-caption-text\">\u017ar\u00f3d\u0142o: http:\/\/www.ravennaedintorni.it\/<\/figcaption><\/figure>\n<p>&#8230; a tak, wyeksponowane w ogrodzie:<\/p>\n<p><a href=\"https:\/\/i0.wp.com\/mozaikowanie.pl\/wp-content\/uploads\/2015\/07\/lisciegiovanna.jpg\"><img data-recalc-dims=\"1\" loading=\"lazy\" decoding=\"async\" data-attachment-id=\"903\" data-permalink=\"https:\/\/mozaikowanie.pl\/index.php\/2015\/07\/29\/giovanna-galli-marmur-i-smalti-po-bizantyjsku\/lisciegiovanna\/\" data-orig-file=\"https:\/\/i0.wp.com\/mozaikowanie.pl\/wp-content\/uploads\/2015\/07\/lisciegiovanna.jpg?fit=260%2C194&amp;ssl=1\" data-orig-size=\"260,194\" data-comments-opened=\"1\" data-image-meta=\"{&quot;aperture&quot;:&quot;0&quot;,&quot;credit&quot;:&quot;&quot;,&quot;camera&quot;:&quot;&quot;,&quot;caption&quot;:&quot;&quot;,&quot;created_timestamp&quot;:&quot;0&quot;,&quot;copyright&quot;:&quot;&quot;,&quot;focal_length&quot;:&quot;0&quot;,&quot;iso&quot;:&quot;0&quot;,&quot;shutter_speed&quot;:&quot;0&quot;,&quot;title&quot;:&quot;&quot;,&quot;orientation&quot;:&quot;0&quot;}\" data-image-title=\"lisciegiovanna\" data-image-description=\"\" data-image-caption=\"\" data-medium-file=\"https:\/\/i0.wp.com\/mozaikowanie.pl\/wp-content\/uploads\/2015\/07\/lisciegiovanna.jpg?fit=260%2C194&amp;ssl=1\" data-large-file=\"https:\/\/i0.wp.com\/mozaikowanie.pl\/wp-content\/uploads\/2015\/07\/lisciegiovanna.jpg?fit=260%2C194&amp;ssl=1\" class=\"alignnone  wp-image-903\" src=\"https:\/\/i0.wp.com\/mozaikowanie.pl\/wp-content\/uploads\/2015\/07\/lisciegiovanna.jpg?resize=444%2C331\" alt=\"lisciegiovanna\" width=\"444\" height=\"331\" \/><\/a><\/p>\n<p>Inna praca inspirowana natur\u0105 nosi tytu\u0142 &#8222;Drzewa&#8221;:<\/p>\n<p><a href=\"https:\/\/i0.wp.com\/mozaikowanie.pl\/wp-content\/uploads\/2015\/07\/lesarbres.jpg\"><img data-recalc-dims=\"1\" loading=\"lazy\" decoding=\"async\" data-attachment-id=\"910\" data-permalink=\"https:\/\/mozaikowanie.pl\/index.php\/2015\/07\/29\/giovanna-galli-marmur-i-smalti-po-bizantyjsku\/lesarbres\/\" data-orig-file=\"https:\/\/i0.wp.com\/mozaikowanie.pl\/wp-content\/uploads\/2015\/07\/lesarbres.jpg?fit=690%2C682&amp;ssl=1\" data-orig-size=\"690,682\" data-comments-opened=\"1\" data-image-meta=\"{&quot;aperture&quot;:&quot;0&quot;,&quot;credit&quot;:&quot;&quot;,&quot;camera&quot;:&quot;&quot;,&quot;caption&quot;:&quot;&quot;,&quot;created_timestamp&quot;:&quot;0&quot;,&quot;copyright&quot;:&quot;&quot;,&quot;focal_length&quot;:&quot;0&quot;,&quot;iso&quot;:&quot;0&quot;,&quot;shutter_speed&quot;:&quot;0&quot;,&quot;title&quot;:&quot;&quot;,&quot;orientation&quot;:&quot;1&quot;}\" data-image-title=\"lesarbres\" data-image-description=\"\" data-image-caption=\"\" data-medium-file=\"https:\/\/i0.wp.com\/mozaikowanie.pl\/wp-content\/uploads\/2015\/07\/lesarbres.jpg?fit=300%2C297&amp;ssl=1\" data-large-file=\"https:\/\/i0.wp.com\/mozaikowanie.pl\/wp-content\/uploads\/2015\/07\/lesarbres.jpg?fit=474%2C469&amp;ssl=1\" class=\"alignnone  wp-image-910\" src=\"https:\/\/i0.wp.com\/mozaikowanie.pl\/wp-content\/uploads\/2015\/07\/lesarbres-300x297.jpg?resize=458%2C453\" alt=\"lesarbres\" width=\"458\" height=\"453\" srcset=\"https:\/\/i0.wp.com\/mozaikowanie.pl\/wp-content\/uploads\/2015\/07\/lesarbres.jpg?resize=300%2C297&amp;ssl=1 300w, https:\/\/i0.wp.com\/mozaikowanie.pl\/wp-content\/uploads\/2015\/07\/lesarbres.jpg?w=690&amp;ssl=1 690w\" sizes=\"auto, (max-width: 458px) 100vw, 458px\" \/><\/a><\/p>\n<p>Giovanna tworzy\u0142a te\u017c pi\u0119kne stele, czyli pionowe p\u0142yty, kt\u00f3re w staro\u017cytno\u015bci by\u0142y p\u0142ytami nagrobnymi b\u0105d\u017a upami\u0119tnia\u0142y jakie\u015b wydarzenia. Takie mozaiki nie s\u0105 skazane na ozdabianie \u015bcian, ale mog\u0105 w\u0119drowa\u0107 po przestrzeniach, znajduj\u0105c swoje miejsce w symbiozie z przyrod\u0105. Tworzone z materia\u0142\u00f3w naturalnych &#8211; z marmuru, szk\u0142a i z\u0142ota mog\u0105 s\u0142u\u017cy\u0107 jako zapis nastroj\u00f3w, kt\u00f3re autorka nazywa \u201ekrajobrazami duszy\u201d.<\/p>\n<figure id=\"attachment_908\" aria-describedby=\"caption-attachment-908\" style=\"width: 301px\" class=\"wp-caption alignnone\"><a href=\"https:\/\/i0.wp.com\/mozaikowanie.pl\/wp-content\/uploads\/2015\/07\/stele.jpg\"><img data-recalc-dims=\"1\" loading=\"lazy\" decoding=\"async\" data-attachment-id=\"908\" data-permalink=\"https:\/\/mozaikowanie.pl\/index.php\/2015\/07\/29\/giovanna-galli-marmur-i-smalti-po-bizantyjsku\/stele\/\" data-orig-file=\"https:\/\/i0.wp.com\/mozaikowanie.pl\/wp-content\/uploads\/2015\/07\/stele.jpg?fit=208%2C243&amp;ssl=1\" data-orig-size=\"208,243\" data-comments-opened=\"1\" data-image-meta=\"{&quot;aperture&quot;:&quot;0&quot;,&quot;credit&quot;:&quot;&quot;,&quot;camera&quot;:&quot;&quot;,&quot;caption&quot;:&quot;&quot;,&quot;created_timestamp&quot;:&quot;0&quot;,&quot;copyright&quot;:&quot;&quot;,&quot;focal_length&quot;:&quot;0&quot;,&quot;iso&quot;:&quot;0&quot;,&quot;shutter_speed&quot;:&quot;0&quot;,&quot;title&quot;:&quot;&quot;,&quot;orientation&quot;:&quot;0&quot;}\" data-image-title=\"stele\" data-image-description=\"\" data-image-caption=\"\" data-medium-file=\"https:\/\/i0.wp.com\/mozaikowanie.pl\/wp-content\/uploads\/2015\/07\/stele.jpg?fit=208%2C243&amp;ssl=1\" data-large-file=\"https:\/\/i0.wp.com\/mozaikowanie.pl\/wp-content\/uploads\/2015\/07\/stele.jpg?fit=208%2C243&amp;ssl=1\" class=\"wp-image-908\" src=\"https:\/\/i0.wp.com\/mozaikowanie.pl\/wp-content\/uploads\/2015\/07\/stele.jpg?resize=301%2C351\" alt=\"stele\" width=\"301\" height=\"351\" \/><\/a><figcaption id=\"caption-attachment-908\" class=\"wp-caption-text\">\u017ar\u00f3d\u0142o: http:\/\/lamesureexpos.pagespro-orange.fr\/portrait.htm<\/figcaption><\/figure>\n<p>Giovanna Galli tworzy te\u017c mozaiki &#8222;architektoniczne&#8221;, kt\u00f3re zdobi\u0105 budynki, jak na przyk\u0142ad ta mozaika o wymiarach 3 na 6 metr\u00f3w, kt\u00f3ra zdobi galeri\u0119 handlow\u0105 w Taverny we Francji:<\/p>\n<figure id=\"attachment_902\" aria-describedby=\"caption-attachment-902\" style=\"width: 433px\" class=\"wp-caption alignnone\"><a href=\"https:\/\/i0.wp.com\/mozaikowanie.pl\/wp-content\/uploads\/2015\/07\/centrum-handloweGalli.jpg\"><img data-recalc-dims=\"1\" loading=\"lazy\" decoding=\"async\" data-attachment-id=\"902\" data-permalink=\"https:\/\/mozaikowanie.pl\/index.php\/2015\/07\/29\/giovanna-galli-marmur-i-smalti-po-bizantyjsku\/centrum-handlowegalli\/\" data-orig-file=\"https:\/\/i0.wp.com\/mozaikowanie.pl\/wp-content\/uploads\/2015\/07\/centrum-handloweGalli.jpg?fit=600%2C446&amp;ssl=1\" data-orig-size=\"600,446\" data-comments-opened=\"1\" data-image-meta=\"{&quot;aperture&quot;:&quot;0&quot;,&quot;credit&quot;:&quot;&quot;,&quot;camera&quot;:&quot;&quot;,&quot;caption&quot;:&quot;&quot;,&quot;created_timestamp&quot;:&quot;0&quot;,&quot;copyright&quot;:&quot;&quot;,&quot;focal_length&quot;:&quot;0&quot;,&quot;iso&quot;:&quot;0&quot;,&quot;shutter_speed&quot;:&quot;0&quot;,&quot;title&quot;:&quot;&quot;,&quot;orientation&quot;:&quot;0&quot;}\" data-image-title=\"centrum handloweGalli\" data-image-description=\"\" data-image-caption=\"\" data-medium-file=\"https:\/\/i0.wp.com\/mozaikowanie.pl\/wp-content\/uploads\/2015\/07\/centrum-handloweGalli.jpg?fit=300%2C223&amp;ssl=1\" data-large-file=\"https:\/\/i0.wp.com\/mozaikowanie.pl\/wp-content\/uploads\/2015\/07\/centrum-handloweGalli.jpg?fit=474%2C352&amp;ssl=1\" class=\"wp-image-902\" src=\"https:\/\/i0.wp.com\/mozaikowanie.pl\/wp-content\/uploads\/2015\/07\/centrum-handloweGalli-300x223.jpg?resize=433%2C322\" alt=\"centrum handloweGalli\" width=\"433\" height=\"322\" srcset=\"https:\/\/i0.wp.com\/mozaikowanie.pl\/wp-content\/uploads\/2015\/07\/centrum-handloweGalli.jpg?resize=300%2C223&amp;ssl=1 300w, https:\/\/i0.wp.com\/mozaikowanie.pl\/wp-content\/uploads\/2015\/07\/centrum-handloweGalli.jpg?w=600&amp;ssl=1 600w\" sizes=\"auto, (max-width: 433px) 100vw, 433px\" \/><\/a><figcaption id=\"caption-attachment-902\" class=\"wp-caption-text\">\u017ar\u00f3d\u0142o: http:\/\/lamosaique.eu\/galli\/munumental.htm<\/figcaption><\/figure>\n<p>Wi\u0119cej informacji o Artystce mo\u017cecie znale\u017a\u0107 na jej stronie internetowej\u00a0<a href=\"http:\/\/www.lamosaique.eu\" target=\"_blank\">www.lamosaique.eu<\/a>\u00a0oraz jej blogu\u00a0<a href=\"http:\/\/mosaique11.blogspot.com\/\" target=\"_blank\">http:\/\/mosaique11.blogspot.com\/<\/a>.<\/p>\n","protected":false},"excerpt":{"rendered":"<p>Dzi\u015b przedstawi\u0119 Wam kolejn\u0105 niezwyk\u0142\u0105 artystk\u0119. Pisz\u0105c to pierwsze zdanie zda\u0142am sobie spraw\u0119, \u017ce zaczyna wygl\u0105da\u0107 na to, \u017ce mozaik\u0105 zajmuj\u0105 si\u0119 g\u0142\u00f3wnie kobiety\u2026 Ot\u00f3\u017c tak nie jest i obiecuj\u0119, \u017ce nast\u0119pnym razem przedstawi\u0119 jakiego\u015b pana- artyst\u0119. A tymczasem wr\u00f3\u0107my do pewnej\u00a0W\u0142oszki, kt\u00f3ra przepi\u0119knie \u0142\u0105czy smalti i kamie\u0144 naturalny.<\/p>\n","protected":false},"author":1,"featured_media":0,"comment_status":"open","ping_status":"open","sticky":false,"template":"","format":"standard","meta":{"jetpack_post_was_ever_published":false,"_jetpack_newsletter_access":"","_jetpack_dont_email_post_to_subs":false,"_jetpack_newsletter_tier_id":0,"_jetpack_memberships_contains_paywalled_content":false,"_jetpack_memberships_contains_paid_content":false,"footnotes":"","jetpack_publicize_message":"","jetpack_publicize_feature_enabled":true,"jetpack_social_post_already_shared":false,"jetpack_social_options":{"image_generator_settings":{"template":"highway","enabled":false},"version":2}},"categories":[2],"tags":[],"class_list":["post-899","post","type-post","status-publish","format-standard","hentry","category-artysci"],"jetpack_publicize_connections":[],"aioseo_notices":[],"jetpack_featured_media_url":"","jetpack_sharing_enabled":true,"jetpack_shortlink":"https:\/\/wp.me\/p72G1w-ev","jetpack-related-posts":[],"_links":{"self":[{"href":"https:\/\/mozaikowanie.pl\/index.php\/wp-json\/wp\/v2\/posts\/899","targetHints":{"allow":["GET"]}}],"collection":[{"href":"https:\/\/mozaikowanie.pl\/index.php\/wp-json\/wp\/v2\/posts"}],"about":[{"href":"https:\/\/mozaikowanie.pl\/index.php\/wp-json\/wp\/v2\/types\/post"}],"author":[{"embeddable":true,"href":"https:\/\/mozaikowanie.pl\/index.php\/wp-json\/wp\/v2\/users\/1"}],"replies":[{"embeddable":true,"href":"https:\/\/mozaikowanie.pl\/index.php\/wp-json\/wp\/v2\/comments?post=899"}],"version-history":[{"count":2,"href":"https:\/\/mozaikowanie.pl\/index.php\/wp-json\/wp\/v2\/posts\/899\/revisions"}],"predecessor-version":[{"id":911,"href":"https:\/\/mozaikowanie.pl\/index.php\/wp-json\/wp\/v2\/posts\/899\/revisions\/911"}],"wp:attachment":[{"href":"https:\/\/mozaikowanie.pl\/index.php\/wp-json\/wp\/v2\/media?parent=899"}],"wp:term":[{"taxonomy":"category","embeddable":true,"href":"https:\/\/mozaikowanie.pl\/index.php\/wp-json\/wp\/v2\/categories?post=899"},{"taxonomy":"post_tag","embeddable":true,"href":"https:\/\/mozaikowanie.pl\/index.php\/wp-json\/wp\/v2\/tags?post=899"}],"curies":[{"name":"wp","href":"https:\/\/api.w.org\/{rel}","templated":true}]}}